{"@context":{"dc":"http:\/\/purl.org\/dc\/elements\/1.1\/","skos":"http:\/\/www.w3.org\/2004\/02\/skos\/core#","skos:broader":{"@type":"@id"},"skos:inScheme":{"@type":"@id"},"skos:related":{"@type":"@id"},"skos:narrower":{"@type":"@id"},"skos:hasTopConcept":{"@type":"@id"},"skos:topConceptOf":{"@type":"@id"}},"@id":"https:\/\/adm.senado.leg.br\/vcb\/vocab\/skos\/10014","@type":"skos:Concept","skos:prefLabel":{"@language":"pt-BR","@value=":"Governo interino"},"skos:inScheme":"https:\/\/adm.senado.leg.br\/vcb\/vocab\/","dct:created":"2020-09-18 17:43:53","skos:scopeNote":[{"@lang":"pt-BR","@value":"Acrescentar especificadores geogr\u00e1fico e cronol\u00f3gico. Ex.: Governo interino, Brasil, 2016; Governo interino, Iraque, 2003-2004. "}],"skos:definition":[{"@lang":"ab","@value":"\"Exerc\u00edcio do poder por uma ou mais autoridades, de modo tempor\u00e1rio, geralmente ap\u00f3s uma crise pol\u00edtica - que pode ser devida a revolu\u00e7\u00e3o, a golpe de estado, ou simplesmente \u00e0s chamadas crises institucionais - e at\u00e9 que outro governo se instaure\". (Enciclop\u00e9dia Saraiva de Direito, v. 40, p. 43). "}],"skos:editorialNote":[{"@lang":"ab","@value":"341.25114 "}],"skos:broader":["https:\/\/adm.senado.leg.br\/vcb\/vocab\/skos\/1295"],"skos:altLabel":[{"language":"pt-BR","value":"Governo de transi\u00e7\u00e3o"},{"language":"pt-BR","value":"Governo provis\u00f3rio"},{"language":"pt-BR","value":"Governo tempor\u00e1rio"},{"language":"pt-BR","value":"Governo transit\u00f3rio"}],"skos:related":["https:\/\/adm.senado.leg.br\/vcb\/vocab\/skos\/10001","https:\/\/adm.senado.leg.br\/vcb\/vocab\/skos\/10013"]}