{"@context":{"dc":"http:\/\/purl.org\/dc\/elements\/1.1\/","skos":"http:\/\/www.w3.org\/2004\/02\/skos\/core#","skos:broader":{"@type":"@id"},"skos:inScheme":{"@type":"@id"},"skos:related":{"@type":"@id"},"skos:narrower":{"@type":"@id"},"skos:hasTopConcept":{"@type":"@id"},"skos:topConceptOf":{"@type":"@id"}},"@id":"https:\/\/adm.senado.leg.br\/vcb\/vocab\/skos\/10148","@type":"skos:Concept","skos:prefLabel":{"@language":"pt-BR","@value=":"Curador"},"skos:inScheme":"https:\/\/adm.senado.leg.br\/vcb\/vocab\/","dct:created":"2020-09-18 17:43:53","skos:definition":[{"@lang":"ab","@value":"Aquele que \u00e9 legalmente incumbido de cuidar dos bens e interesses de quem se acha incapacitado de faz\u00ea-lo, como \u00f3rf\u00e3os menores, inv\u00e1lidos, loucos, toxic\u00f4manos.$vAULETE DIGITAL. "}],"skos:editorialNote":[{"@lang":"ab","@value":"342.16445 "}],"skos:narrower":["https:\/\/adm.senado.leg.br\/vcb\/vocab\/skos\/10151"],"skos:broader":["https:\/\/adm.senado.leg.br\/vcb\/vocab\/skos\/1336"],"skos:related":["https:\/\/adm.senado.leg.br\/vcb\/vocab\/skos\/10149","https:\/\/adm.senado.leg.br\/vcb\/vocab\/skos\/6061","https:\/\/adm.senado.leg.br\/vcb\/vocab\/skos\/9666","https:\/\/adm.senado.leg.br\/vcb\/vocab\/skos\/2178","https:\/\/adm.senado.leg.br\/vcb\/vocab\/skos\/10150","https:\/\/adm.senado.leg.br\/vcb\/vocab\/skos\/8555"]}