{"@context":{"dc":"http:\/\/purl.org\/dc\/elements\/1.1\/","skos":"http:\/\/www.w3.org\/2004\/02\/skos\/core#","skos:broader":{"@type":"@id"},"skos:inScheme":{"@type":"@id"},"skos:related":{"@type":"@id"},"skos:narrower":{"@type":"@id"},"skos:hasTopConcept":{"@type":"@id"},"skos:topConceptOf":{"@type":"@id"}},"@id":"https:\/\/adm.senado.leg.br\/vcb\/vocab\/skos\/10195","@type":"skos:Concept","skos:prefLabel":{"@language":"pt-BR","@value=":"Curso de extens\u00e3o"},"skos:inScheme":"https:\/\/adm.senado.leg.br\/vcb\/vocab\/","dct:created":"2020-09-18 17:43:54","skos:definition":[{"@lang":"ab","@value":"Curso aberto \u00e0 participa\u00e7\u00e3o da popula\u00e7\u00e3o, visando \u00e0 difus\u00e3o das conquistas e benef\u00edcios resultantes da cria\u00e7\u00e3o cultural e da pesquisa cient\u00edfica e tecnol\u00f3gica geradas na institui\u00e7\u00e3o de ensino superior. (Lei 9.394\/1996, art. 43, VII) "}],"skos:broader":["https:\/\/adm.senado.leg.br\/vcb\/vocab\/skos\/10203"],"skos:altLabel":[{"language":"pt-BR","value":"Extens\u00e3o, curso"}],"skos:related":["https:\/\/adm.senado.leg.br\/vcb\/vocab\/skos\/10194","https:\/\/adm.senado.leg.br\/vcb\/vocab\/skos\/10191","https:\/\/adm.senado.leg.br\/vcb\/vocab\/skos\/8113","https:\/\/adm.senado.leg.br\/vcb\/vocab\/skos\/5546"]}