{"@context":{"dc":"http:\/\/purl.org\/dc\/elements\/1.1\/","skos":"http:\/\/www.w3.org\/2004\/02\/skos\/core#","skos:broader":{"@type":"@id"},"skos:inScheme":{"@type":"@id"},"skos:related":{"@type":"@id"},"skos:narrower":{"@type":"@id"},"skos:hasTopConcept":{"@type":"@id"},"skos:topConceptOf":{"@type":"@id"}},"@id":"https:\/\/adm.senado.leg.br\/vcb\/vocab\/skos\/1023","@type":"skos:Concept","skos:prefLabel":{"@language":"pt-BR","@value=":"Terapia complementar"},"skos:inScheme":"https:\/\/adm.senado.leg.br\/vcb\/vocab\/","dct:created":"2020-09-18 17:42:59","skos:definition":[{"@lang":"ab","@value":"Todas as terapias podem ser consideradas complementares e\/ou alternativas. Tanto a terapia tradicional quanto as demais podem prescindir de outras terapias atuando individualmente; neste caso a eleita ser\u00e1 a terapia alternativa de tratamento. Quando todas elas, ao necessitarem do aux\u00edlio de outras, s\u00e3o consideradas\u00a0terapias complementares.$vDeCS "}],"skos:narrower":["https:\/\/adm.senado.leg.br\/vcb\/vocab\/skos\/1020","https:\/\/adm.senado.leg.br\/vcb\/vocab\/skos\/11142","https:\/\/adm.senado.leg.br\/vcb\/vocab\/skos\/22088","https:\/\/adm.senado.leg.br\/vcb\/vocab\/skos\/16180","https:\/\/adm.senado.leg.br\/vcb\/vocab\/skos\/19210","https:\/\/adm.senado.leg.br\/vcb\/vocab\/skos\/20317","https:\/\/adm.senado.leg.br\/vcb\/vocab\/skos\/15282","https:\/\/adm.senado.leg.br\/vcb\/vocab\/skos\/23153"],"skos:broader":["https:\/\/adm.senado.leg.br\/vcb\/vocab\/skos\/901"],"skos:altLabel":[{"language":"pt-BR","value":"Magnetismo vegetal"},{"language":"pt-BR","value":"Medicina complementar"},{"language":"pt-BR","value":"Medicina complementar e integrativa"},{"language":"pt-BR","value":"Medicina integrativa e complementar"},{"language":"pt-BR","value":"Pr\u00e1ticas complementares e integrativas"},{"language":"pt-BR","value":"Pr\u00e1ticas de sa\u00fade complementares e integrativas"},{"language":"pt-BR","value":"Pr\u00e1ticas de sa\u00fade integrativas e complementares"},{"language":"pt-BR","value":"Pr\u00e1ticas integrativas e complementares"},{"language":"pt-BR","value":"Terapias alternativas"},{"language":"pt-BR","value":"Terapias complementares"},{"language":"pt-BR","value":"Terapias complementares e integrativas"}]}