{"@context":{"dc":"http:\/\/purl.org\/dc\/elements\/1.1\/","skos":"http:\/\/www.w3.org\/2004\/02\/skos\/core#","skos:broader":{"@type":"@id"},"skos:inScheme":{"@type":"@id"},"skos:related":{"@type":"@id"},"skos:narrower":{"@type":"@id"},"skos:hasTopConcept":{"@type":"@id"},"skos:topConceptOf":{"@type":"@id"}},"@id":"https:\/\/adm.senado.leg.br\/vcb\/vocab\/skos\/1048","@type":"skos:Concept","skos:prefLabel":{"@language":"pt-BR","@value=":"Adicionais"},"skos:inScheme":"https:\/\/adm.senado.leg.br\/vcb\/vocab\/","dct:created":"2020-09-18 17:42:59","skos:definition":[{"@lang":"ab","@value":"Vantagens pecuni\u00e1rias que a Administra\u00e7\u00e3o concede aos servidores em raz\u00e3o do tempo de exerc\u00edcio (adicional de tempo de servi\u00e7o) ou em face da natureza peculiar da fun\u00e7\u00e3o, que exige conhecimentos especializados ou um regime pr\u00f3prio de trabalho (adicionais de fun\u00e7\u00e3o). (MEIRELLES, Hely Lopes) "}],"skos:editorialNote":[{"@lang":"ab","@value":"342.6543 "}],"skos:narrower":["https:\/\/adm.senado.leg.br\/vcb\/vocab\/skos\/1050","https:\/\/adm.senado.leg.br\/vcb\/vocab\/skos\/1051","https:\/\/adm.senado.leg.br\/vcb\/vocab\/skos\/1052","https:\/\/adm.senado.leg.br\/vcb\/vocab\/skos\/1053","https:\/\/adm.senado.leg.br\/vcb\/vocab\/skos\/1054","https:\/\/adm.senado.leg.br\/vcb\/vocab\/skos\/1055","https:\/\/adm.senado.leg.br\/vcb\/vocab\/skos\/1056"],"skos:broader":["https:\/\/adm.senado.leg.br\/vcb\/vocab\/skos\/1049"],"skos:related":["https:\/\/adm.senado.leg.br\/vcb\/vocab\/skos\/960"]}