{"@context":{"dc":"http:\/\/purl.org\/dc\/elements\/1.1\/","skos":"http:\/\/www.w3.org\/2004\/02\/skos\/core#","skos:broader":{"@type":"@id"},"skos:inScheme":{"@type":"@id"},"skos:related":{"@type":"@id"},"skos:narrower":{"@type":"@id"},"skos:hasTopConcept":{"@type":"@id"},"skos:topConceptOf":{"@type":"@id"}},"@id":"https:\/\/adm.senado.leg.br\/vcb\/vocab\/skos\/10482","@type":"skos:Concept","skos:prefLabel":{"@language":"pt-BR","@value=":"Defesa aeroespacial"},"skos:inScheme":"https:\/\/adm.senado.leg.br\/vcb\/vocab\/","dct:created":"2020-09-18 17:43:56","skos:definition":[{"@lang":"ab","@value":"Conjunto de a\u00e7\u00f5es, opera\u00e7\u00f5es e medidas de toda ordem destinadas a assegurar o exerc\u00edcio da soberania no espa\u00e7o a\u00e9reo interior e exterior, impedindo seu uso para a pr\u00e1tica de atos hostis ou contr\u00e1rios aos objetivos nacionais. A defesa aeroespacial compreende: a defesa aeroespacial ativa e a defesa aeroespacialpassiva.$vBRASIL. Minist\u00e9rio da Defesa. Gloss\u00e1rio das For\u00e7as Armadas. "}],"skos:editorialNote":[{"@lang":"ab","@value":"341.871 "}],"skos:narrower":["https:\/\/adm.senado.leg.br\/vcb\/vocab\/skos\/3114"],"skos:broader":["https:\/\/adm.senado.leg.br\/vcb\/vocab\/skos\/3848","https:\/\/adm.senado.leg.br\/vcb\/vocab\/skos\/3849","https:\/\/adm.senado.leg.br\/vcb\/vocab\/skos\/1462"],"skos:altLabel":[{"language":"pt-BR","value":"Defesa a\u00e9rea"}],"skos:related":["https:\/\/adm.senado.leg.br\/vcb\/vocab\/skos\/10484","https:\/\/adm.senado.leg.br\/vcb\/vocab\/skos\/3151","https:\/\/adm.senado.leg.br\/vcb\/vocab\/skos\/4610","https:\/\/adm.senado.leg.br\/vcb\/vocab\/skos\/10485","https:\/\/adm.senado.leg.br\/vcb\/vocab\/skos\/5139","https:\/\/adm.senado.leg.br\/vcb\/vocab\/skos\/10486","https:\/\/adm.senado.leg.br\/vcb\/vocab\/skos\/10487","https:\/\/adm.senado.leg.br\/vcb\/vocab\/skos\/28384","https:\/\/adm.senado.leg.br\/vcb\/vocab\/skos\/3111","https:\/\/adm.senado.leg.br\/vcb\/vocab\/skos\/1822","https:\/\/adm.senado.leg.br\/vcb\/vocab\/skos\/10488"]}