{"@context":{"dc":"http:\/\/purl.org\/dc\/elements\/1.1\/","skos":"http:\/\/www.w3.org\/2004\/02\/skos\/core#","skos:broader":{"@type":"@id"},"skos:inScheme":{"@type":"@id"},"skos:related":{"@type":"@id"},"skos:narrower":{"@type":"@id"},"skos:hasTopConcept":{"@type":"@id"},"skos:topConceptOf":{"@type":"@id"}},"@id":"https:\/\/adm.senado.leg.br\/vcb\/vocab\/skos\/10490","@type":"skos:Concept","skos:prefLabel":{"@language":"pt-BR","@value=":"Defesa agropecu\u00e1ria"},"skos:inScheme":"https:\/\/adm.senado.leg.br\/vcb\/vocab\/","dct:created":"2020-09-18 17:43:56","skos:definition":[{"@lang":"ab","@value":"Estrutura constitu\u00edda de normas e a\u00e7\u00f5es que integram sistemas p\u00fablicos e privados sob o princ\u00edpio aglutinador da preserva\u00e7\u00e3o e melhoria da condi\u00e7\u00e3o zoofitossanit\u00e1ria em todo o territ\u00f3rio nacional, que visa assegurar, assim, a prote\u00e7\u00e3o da sa\u00fade dos animais, a sanidade dos vegetais, a idoneidade dos insumos e dos servi\u00e7os utilizados na agropecu\u00e1ria, al\u00e9m da identidade, qualidade e seguran\u00e7a higi\u00eanico-sanit\u00e1ria dos alimentos, demais produtos e insumos agropecu\u00e1rios.$vVILELA, Evaldo Ferreira; CALLEGARO, Geraldo Magela; GAMA, Sofia Kiyomi Iba da. Mestrado profissional em Defesa Agropecu\u00e1ria: cria\u00e7\u00e3o, implementa\u00e7\u00e3o e resultados preliminares. Revista Brasileira de P\u00f3s-Gradua\u00e7\u00e3o, Bras\u00edlia, v. 10, n. 22, p. 1009 - 1034, dez. 2013 "}],"skos:narrower":["https:\/\/adm.senado.leg.br\/vcb\/vocab\/skos\/10497","https:\/\/adm.senado.leg.br\/vcb\/vocab\/skos\/10498"],"skos:broader":["https:\/\/adm.senado.leg.br\/vcb\/vocab\/skos\/1105"],"skos:related":["https:\/\/adm.senado.leg.br\/vcb\/vocab\/skos\/10491","https:\/\/adm.senado.leg.br\/vcb\/vocab\/skos\/1693","https:\/\/adm.senado.leg.br\/vcb\/vocab\/skos\/10492","https:\/\/adm.senado.leg.br\/vcb\/vocab\/skos\/10493","https:\/\/adm.senado.leg.br\/vcb\/vocab\/skos\/3500","https:\/\/adm.senado.leg.br\/vcb\/vocab\/skos\/10494","https:\/\/adm.senado.leg.br\/vcb\/vocab\/skos\/5628","https:\/\/adm.senado.leg.br\/vcb\/vocab\/skos\/1359","https:\/\/adm.senado.leg.br\/vcb\/vocab\/skos\/10495","https:\/\/adm.senado.leg.br\/vcb\/vocab\/skos\/1572","https:\/\/adm.senado.leg.br\/vcb\/vocab\/skos\/10496"]}