{"@context":{"dc":"http:\/\/purl.org\/dc\/elements\/1.1\/","skos":"http:\/\/www.w3.org\/2004\/02\/skos\/core#","skos:broader":{"@type":"@id"},"skos:inScheme":{"@type":"@id"},"skos:related":{"@type":"@id"},"skos:narrower":{"@type":"@id"},"skos:hasTopConcept":{"@type":"@id"},"skos:topConceptOf":{"@type":"@id"}},"@id":"https:\/\/adm.senado.leg.br\/vcb\/vocab\/skos\/10552","@type":"skos:Concept","skos:prefLabel":{"@language":"pt-BR","@value=":"D\u00edvida p\u00fablica"},"skos:inScheme":"https:\/\/adm.senado.leg.br\/vcb\/vocab\/","dct:created":"2020-09-18 17:43:57","skos:definition":[{"@lang":"ab","@value":"D\u00edvida contra\u00edda pelo governo com o objetivo de financiar gastos n\u00e3o cobertos com a arrecada\u00e7\u00e3o de impostos.$vBRASIL. Secretaria do Tesouro Nacional. Gloss\u00e1rio. "},{"@lang":"ab","@value":"Representa o valor das obriga\u00e7\u00f5es financeiras da Uni\u00e3o, Estados ou Munic\u00edpios em virtude de leis, contratos, conv\u00eanios, tratados, ou ainda decorrentes de opera\u00e7\u00f5es de cr\u00e9dito, devendo estar registrado na contabilidade do respectivo ente. \u00c9 a soma da d\u00edvida interna p\u00fablica com a d\u00edvida externa p\u00fablica.$vS\u00c3O PAULO. Secretaria da Fazenda. Gloss\u00e1rio. "}],"skos:editorialNote":[{"@lang":"ab","@value":"341.386 "}],"skos:narrower":["https:\/\/adm.senado.leg.br\/vcb\/vocab\/skos\/10553","https:\/\/adm.senado.leg.br\/vcb\/vocab\/skos\/10554","https:\/\/adm.senado.leg.br\/vcb\/vocab\/skos\/9627","https:\/\/adm.senado.leg.br\/vcb\/vocab\/skos\/21178"],"skos:broader":["https:\/\/adm.senado.leg.br\/vcb\/vocab\/skos\/3326"],"skos:altLabel":[{"language":"pt-BR","value":"D\u00edvida nacional"}],"skos:related":["https:\/\/adm.senado.leg.br\/vcb\/vocab\/skos\/10550","https:\/\/adm.senado.leg.br\/vcb\/vocab\/skos\/2282","https:\/\/adm.senado.leg.br\/vcb\/vocab\/skos\/6708","https:\/\/adm.senado.leg.br\/vcb\/vocab\/skos\/10714","https:\/\/adm.senado.leg.br\/vcb\/vocab\/skos\/12104","https:\/\/adm.senado.leg.br\/vcb\/vocab\/skos\/12109","https:\/\/adm.senado.leg.br\/vcb\/vocab\/skos\/12110","https:\/\/adm.senado.leg.br\/vcb\/vocab\/skos\/5910","https:\/\/adm.senado.leg.br\/vcb\/vocab\/skos\/9444","https:\/\/adm.senado.leg.br\/vcb\/vocab\/skos\/8747","https:\/\/adm.senado.leg.br\/vcb\/vocab\/skos\/12111","https:\/\/adm.senado.leg.br\/vcb\/vocab\/skos\/2285"]}