{"@context":{"dc":"http:\/\/purl.org\/dc\/elements\/1.1\/","skos":"http:\/\/www.w3.org\/2004\/02\/skos\/core#","skos:broader":{"@type":"@id"},"skos:inScheme":{"@type":"@id"},"skos:related":{"@type":"@id"},"skos:narrower":{"@type":"@id"},"skos:hasTopConcept":{"@type":"@id"},"skos:topConceptOf":{"@type":"@id"}},"@id":"https:\/\/adm.senado.leg.br\/vcb\/vocab\/skos\/1062","@type":"skos:Concept","skos:prefLabel":{"@language":"pt-BR","@value=":"Qualifica\u00e7\u00e3o profissional"},"skos:inScheme":"https:\/\/adm.senado.leg.br\/vcb\/vocab\/","dct:created":"2020-09-18 17:42:59","skos:definition":[{"@lang":"ab","@value":"Preparo e capacita\u00e7\u00e3o para determinado emprego ou ocupa\u00e7\u00e3o no mercado de trabalho. "}],"skos:broader":["https:\/\/adm.senado.leg.br\/vcb\/vocab\/skos\/8538"],"skos:altLabel":[{"language":"pt-BR","value":"Capacita\u00e7\u00e3o"},{"language":"pt-BR","value":"Capacita\u00e7\u00e3o funcional"},{"language":"pt-BR","value":"Capacita\u00e7\u00e3o profissional"},{"language":"pt-BR","value":"Qualifica\u00e7\u00e3o de m\u00e3o-de-obra"},{"language":"pt-BR","value":"Qualifica\u00e7\u00e3o de recursos humanos"}],"skos:related":["https:\/\/adm.senado.leg.br\/vcb\/vocab\/skos\/1053","https:\/\/adm.senado.leg.br\/vcb\/vocab\/skos\/1511","https:\/\/adm.senado.leg.br\/vcb\/vocab\/skos\/29410","https:\/\/adm.senado.leg.br\/vcb\/vocab\/skos\/6069","https:\/\/adm.senado.leg.br\/vcb\/vocab\/skos\/895","https:\/\/adm.senado.leg.br\/vcb\/vocab\/skos\/2922","https:\/\/adm.senado.leg.br\/vcb\/vocab\/skos\/2916","https:\/\/adm.senado.leg.br\/vcb\/vocab\/skos\/29850","https:\/\/adm.senado.leg.br\/vcb\/vocab\/skos\/19691","https:\/\/adm.senado.leg.br\/vcb\/vocab\/skos\/20117","https:\/\/adm.senado.leg.br\/vcb\/vocab\/skos\/1158","https:\/\/adm.senado.leg.br\/vcb\/vocab\/skos\/10876","https:\/\/adm.senado.leg.br\/vcb\/vocab\/skos\/7378"]}