{"@context":{"dc":"http:\/\/purl.org\/dc\/elements\/1.1\/","skos":"http:\/\/www.w3.org\/2004\/02\/skos\/core#","skos:broader":{"@type":"@id"},"skos:inScheme":{"@type":"@id"},"skos:related":{"@type":"@id"},"skos:narrower":{"@type":"@id"},"skos:hasTopConcept":{"@type":"@id"},"skos:topConceptOf":{"@type":"@id"}},"@id":"https:\/\/adm.senado.leg.br\/vcb\/vocab\/skos\/10685","@type":"skos:Concept","skos:prefLabel":{"@language":"pt-BR","@value=":"Denunciado"},"skos:inScheme":"https:\/\/adm.senado.leg.br\/vcb\/vocab\/","dct:created":"2020-09-18 17:43:59","skos:definition":[{"@lang":"ab","@value":"Administrador ou respons\u00e1vel por ato identificado como irregular ou ilegal no \u00e2mbito da den\u00fancia.$vBRASIL. Tribunal de Contas da Uni\u00e3o. Gloss\u00e1rio de Termos do Controle Externo. 2013 "}],"skos:broader":["https:\/\/adm.senado.leg.br\/vcb\/vocab\/skos\/21498"],"skos:related":["https:\/\/adm.senado.leg.br\/vcb\/vocab\/skos\/572","https:\/\/adm.senado.leg.br\/vcb\/vocab\/skos\/8071"]}