{"@context":{"dc":"http:\/\/purl.org\/dc\/elements\/1.1\/","skos":"http:\/\/www.w3.org\/2004\/02\/skos\/core#","skos:broader":{"@type":"@id"},"skos:inScheme":{"@type":"@id"},"skos:related":{"@type":"@id"},"skos:narrower":{"@type":"@id"},"skos:hasTopConcept":{"@type":"@id"},"skos:topConceptOf":{"@type":"@id"}},"@id":"https:\/\/adm.senado.leg.br\/vcb\/vocab\/skos\/10749","@type":"skos:Concept","skos:prefLabel":{"@language":"pt-BR","@value=":"Restri\u00e7\u00e3o \u00e0 importa\u00e7\u00e3o"},"skos:inScheme":"https:\/\/adm.senado.leg.br\/vcb\/vocab\/","dct:created":"2020-09-18 17:44:00","skos:broader":["https:\/\/adm.senado.leg.br\/vcb\/vocab\/skos\/27471"],"skos:altLabel":[{"language":"pt-BR","value":"Limita\u00e7\u00e3o das importa\u00e7\u00f5es"},{"language":"pt-BR","value":"Obst\u00e1culo \u00e0 importa\u00e7\u00e3o"},{"language":"pt-BR","value":"Proibi\u00e7\u00e3o de importa\u00e7\u00e3o"},{"language":"pt-BR","value":"Suspens\u00e3o das importa\u00e7\u00f5es"}],"skos:related":["https:\/\/adm.senado.leg.br\/vcb\/vocab\/skos\/10748","https:\/\/adm.senado.leg.br\/vcb\/vocab\/skos\/4695","https:\/\/adm.senado.leg.br\/vcb\/vocab\/skos\/22219","https:\/\/adm.senado.leg.br\/vcb\/vocab\/skos\/25650","https:\/\/adm.senado.leg.br\/vcb\/vocab\/skos\/19920","https:\/\/adm.senado.leg.br\/vcb\/vocab\/skos\/16395","https:\/\/adm.senado.leg.br\/vcb\/vocab\/skos\/16385"]}