{"@context":{"dc":"http:\/\/purl.org\/dc\/elements\/1.1\/","skos":"http:\/\/www.w3.org\/2004\/02\/skos\/core#","skos:broader":{"@type":"@id"},"skos:inScheme":{"@type":"@id"},"skos:related":{"@type":"@id"},"skos:narrower":{"@type":"@id"},"skos:hasTopConcept":{"@type":"@id"},"skos:topConceptOf":{"@type":"@id"}},"@id":"https:\/\/adm.senado.leg.br\/vcb\/vocab\/skos\/10844","@type":"skos:Concept","skos:prefLabel":{"@language":"pt-BR","@value=":"Viagem"},"skos:inScheme":"https:\/\/adm.senado.leg.br\/vcb\/vocab\/","dct:created":"2020-09-18 17:44:01","skos:scopeNote":[{"@lang":"pt-BR","@value":"Para relatos de viagens (ex.: exploradoras) e expedi\u00e7\u00f5es, usar: Viagem, mem\u00f3rias. "}],"skos:narrower":["https:\/\/adm.senado.leg.br\/vcb\/vocab\/skos\/14735","https:\/\/adm.senado.leg.br\/vcb\/vocab\/skos\/13001","https:\/\/adm.senado.leg.br\/vcb\/vocab\/skos\/1552","https:\/\/adm.senado.leg.br\/vcb\/vocab\/skos\/1853","https:\/\/adm.senado.leg.br\/vcb\/vocab\/skos\/25957","https:\/\/adm.senado.leg.br\/vcb\/vocab\/skos\/28334"],"skos:broader":["https:\/\/adm.senado.leg.br\/vcb\/vocab\/skos\/2665"],"skos:related":["https:\/\/adm.senado.leg.br\/vcb\/vocab\/skos\/10840","https:\/\/adm.senado.leg.br\/vcb\/vocab\/skos\/171","https:\/\/adm.senado.leg.br\/vcb\/vocab\/skos\/14756","https:\/\/adm.senado.leg.br\/vcb\/vocab\/skos\/22249"]}