{"@context":{"dc":"http:\/\/purl.org\/dc\/elements\/1.1\/","skos":"http:\/\/www.w3.org\/2004\/02\/skos\/core#","skos:broader":{"@type":"@id"},"skos:inScheme":{"@type":"@id"},"skos:related":{"@type":"@id"},"skos:narrower":{"@type":"@id"},"skos:hasTopConcept":{"@type":"@id"},"skos:topConceptOf":{"@type":"@id"}},"@id":"https:\/\/adm.senado.leg.br\/vcb\/vocab\/skos\/1085","@type":"skos:Concept","skos:prefLabel":{"@language":"pt-BR","@value=":"Administra\u00e7\u00e3o de empresas"},"skos:inScheme":"https:\/\/adm.senado.leg.br\/vcb\/vocab\/","dct:created":"2020-09-18 17:42:59","skos:narrower":["https:\/\/adm.senado.leg.br\/vcb\/vocab\/skos\/1086","https:\/\/adm.senado.leg.br\/vcb\/vocab\/skos\/1223","https:\/\/adm.senado.leg.br\/vcb\/vocab\/skos\/2236","https:\/\/adm.senado.leg.br\/vcb\/vocab\/skos\/7674","https:\/\/adm.senado.leg.br\/vcb\/vocab\/skos\/3595","https:\/\/adm.senado.leg.br\/vcb\/vocab\/skos\/2135","https:\/\/adm.senado.leg.br\/vcb\/vocab\/skos\/1148","https:\/\/adm.senado.leg.br\/vcb\/vocab\/skos\/8958","https:\/\/adm.senado.leg.br\/vcb\/vocab\/skos\/30004","https:\/\/adm.senado.leg.br\/vcb\/vocab\/skos\/19979","https:\/\/adm.senado.leg.br\/vcb\/vocab\/skos\/1145","https:\/\/adm.senado.leg.br\/vcb\/vocab\/skos\/20384","https:\/\/adm.senado.leg.br\/vcb\/vocab\/skos\/22043","https:\/\/adm.senado.leg.br\/vcb\/vocab\/skos\/13869","https:\/\/adm.senado.leg.br\/vcb\/vocab\/skos\/25480"],"skos:broader":["https:\/\/adm.senado.leg.br\/vcb\/vocab\/skos\/1080"],"skos:altLabel":[{"language":"pt-BR","value":"Administra\u00e7\u00e3o de empresa"},{"language":"pt-BR","value":"Dire\u00e7\u00e3o de empresas"},{"language":"pt-BR","value":"Empresa, administra\u00e7\u00e3o"},{"language":"pt-BR","value":"Organiza\u00e7\u00e3o de empresas"}],"skos:related":["https:\/\/adm.senado.leg.br\/vcb\/vocab\/skos\/837","https:\/\/adm.senado.leg.br\/vcb\/vocab\/skos\/1136","https:\/\/adm.senado.leg.br\/vcb\/vocab\/skos\/1137","https:\/\/adm.senado.leg.br\/vcb\/vocab\/skos\/1138","https:\/\/adm.senado.leg.br\/vcb\/vocab\/skos\/1139","https:\/\/adm.senado.leg.br\/vcb\/vocab\/skos\/1140","https:\/\/adm.senado.leg.br\/vcb\/vocab\/skos\/1142","https:\/\/adm.senado.leg.br\/vcb\/vocab\/skos\/1143","https:\/\/adm.senado.leg.br\/vcb\/vocab\/skos\/1144","https:\/\/adm.senado.leg.br\/vcb\/vocab\/skos\/22987"]}