{"@context":{"dc":"http:\/\/purl.org\/dc\/elements\/1.1\/","skos":"http:\/\/www.w3.org\/2004\/02\/skos\/core#","skos:broader":{"@type":"@id"},"skos:inScheme":{"@type":"@id"},"skos:related":{"@type":"@id"},"skos:narrower":{"@type":"@id"},"skos:hasTopConcept":{"@type":"@id"},"skos:topConceptOf":{"@type":"@id"}},"@id":"https:\/\/adm.senado.leg.br\/vcb\/vocab\/skos\/1096","@type":"skos:Concept","skos:prefLabel":{"@language":"pt-BR","@value=":"Gest\u00e3o da informa\u00e7\u00e3o"},"skos:inScheme":"https:\/\/adm.senado.leg.br\/vcb\/vocab\/","dct:created":"2020-09-18 17:42:59","skos:definition":[{"@lang":"ab","@value":"Processo c\u00edclico de trabalho com a informa\u00e7\u00e3o, geralmente apoiado pela tecnologia, que deve ser realimentado continuamente, e que engloba, al\u00e9m da identifica\u00e7\u00e3o de necessidades de informa\u00e7\u00e3o, a aquisi\u00e7\u00e3o, a organiza\u00e7\u00e3o e armazenamento, o desenvolvimento de produtos e servi\u00e7os, a distribui\u00e7\u00e3o e o uso da informa\u00e7\u00e3o.$vUNIVERSIDADE DE BRAS\u00cdLIA. Gloss\u00e1rio da Faculdade de Ci\u00eancia da Informa\u00e7\u00e3o. "},{"@lang":"ab","@value":"Conjunto de atividades com o objetivo de planejar, adquirir, organizar, processar, armazenar, disseminar e disponibilizar informa\u00e7\u00e3o para fins de recupera\u00e7\u00e3o e uso. Trata-se de termo adotado tamb\u00e9m em outras \u00e1reas, como administra\u00e7\u00e3o e ci\u00eancia da computa\u00e7\u00e3o, com acep\u00e7\u00f5es distintas e que enfatizam as tecnologias da informa\u00e7\u00e3o e comunica\u00e7\u00e3o, o que interfere na compreens\u00e3o do termo na ci\u00eancia da informa\u00e7\u00e3o. "}],"skos:narrower":["https:\/\/adm.senado.leg.br\/vcb\/vocab\/skos\/4904","https:\/\/adm.senado.leg.br\/vcb\/vocab\/skos\/2977","https:\/\/adm.senado.leg.br\/vcb\/vocab\/skos\/3283","https:\/\/adm.senado.leg.br\/vcb\/vocab\/skos\/4889","https:\/\/adm.senado.leg.br\/vcb\/vocab\/skos\/10157","https:\/\/adm.senado.leg.br\/vcb\/vocab\/skos\/2415","https:\/\/adm.senado.leg.br\/vcb\/vocab\/skos\/6432"],"skos:broader":["https:\/\/adm.senado.leg.br\/vcb\/vocab\/skos\/3301","https:\/\/adm.senado.leg.br\/vcb\/vocab\/skos\/1141"],"skos:altLabel":[{"language":"pt-BR","value":"Administra\u00e7\u00e3o da informa\u00e7\u00e3o"},{"language":"pt-BR","value":"Assessoria de comunica\u00e7\u00e3o"},{"language":"pt-BR","value":"Gest\u00e3o de conte\u00fado"},{"language":"pt-BR","value":"Gest\u00e3o de recursos de informa\u00e7\u00e3o"},{"language":"pt-BR","value":"Informa\u00e7\u00e3o, administra\u00e7\u00e3o"},{"language":"pt-BR","value":"Organiza\u00e7\u00e3o da informa\u00e7\u00e3o"}],"skos:related":["https:\/\/adm.senado.leg.br\/vcb\/vocab\/skos\/26709","https:\/\/adm.senado.leg.br\/vcb\/vocab\/skos\/3592","https:\/\/adm.senado.leg.br\/vcb\/vocab\/skos\/3175","https:\/\/adm.senado.leg.br\/vcb\/vocab\/skos\/684","https:\/\/adm.senado.leg.br\/vcb\/vocab\/skos\/5990","https:\/\/adm.senado.leg.br\/vcb\/vocab\/skos\/5184","https:\/\/adm.senado.leg.br\/vcb\/vocab\/skos\/3270","https:\/\/adm.senado.leg.br\/vcb\/vocab\/skos\/1097","https:\/\/adm.senado.leg.br\/vcb\/vocab\/skos\/686","https:\/\/adm.senado.leg.br\/vcb\/vocab\/skos\/9240","https:\/\/adm.senado.leg.br\/vcb\/vocab\/skos\/3271","https:\/\/adm.senado.leg.br\/vcb\/vocab\/skos\/5727","https:\/\/adm.senado.leg.br\/vcb\/vocab\/skos\/688","https:\/\/adm.senado.leg.br\/vcb\/vocab\/skos\/3178","https:\/\/adm.senado.leg.br\/vcb\/vocab\/skos\/15703","https:\/\/adm.senado.leg.br\/vcb\/vocab\/skos\/5746","https:\/\/adm.senado.leg.br\/vcb\/vocab\/skos\/730","https:\/\/adm.senado.leg.br\/vcb\/vocab\/skos\/690","https:\/\/adm.senado.leg.br\/vcb\/vocab\/skos\/2345","https:\/\/adm.senado.leg.br\/vcb\/vocab\/skos\/26850"]}