{"@context":{"dc":"http:\/\/purl.org\/dc\/elements\/1.1\/","skos":"http:\/\/www.w3.org\/2004\/02\/skos\/core#","skos:broader":{"@type":"@id"},"skos:inScheme":{"@type":"@id"},"skos:related":{"@type":"@id"},"skos:narrower":{"@type":"@id"},"skos:hasTopConcept":{"@type":"@id"},"skos:topConceptOf":{"@type":"@id"}},"@id":"https:\/\/adm.senado.leg.br\/vcb\/vocab\/skos\/1097","@type":"skos:Concept","skos:prefLabel":{"@language":"pt-BR","@value=":"Gest\u00e3o do conhecimento"},"skos:inScheme":"https:\/\/adm.senado.leg.br\/vcb\/vocab\/","dct:created":"2020-09-18 17:42:59","skos:definition":[{"@lang":"ab","@value":"Gest\u00e3o dos conhecimentos particularmente centrados nas compet\u00eancias, na an\u00e1lise destas e respectiva transmiss\u00e3o no interior de uma empresa (Eurovoc). "},{"@lang":"ab","@value":"Gest\u00e3o do Conhecimento \u00e9 definida pelas pr\u00e1ticas e tecnologias relacionadas com a cole\u00e7\u00e3o, organiza\u00e7\u00e3o, partilha, dissemina\u00e7\u00e3o e an\u00e1lise do conhecimento das organiza\u00e7\u00f5es.$vUNIVERSIDADE DE BRAS\u00cdLIA. Gloss\u00e1rio da Faculdade de Ci\u00eancia da Informa\u00e7\u00e3o. "}],"skos:narrower":["https:\/\/adm.senado.leg.br\/vcb\/vocab\/skos\/8481"],"skos:broader":["https:\/\/adm.senado.leg.br\/vcb\/vocab\/skos\/1080","https:\/\/adm.senado.leg.br\/vcb\/vocab\/skos\/1141"],"skos:altLabel":[{"language":"pt-BR","value":"Administra\u00e7\u00e3o do conhecimento"},{"language":"pt-BR","value":"Conhecimento, administra\u00e7\u00e3o"},{"language":"pt-BR","value":"Dissemina\u00e7\u00e3o do conhecimento"},{"language":"pt-BR","value":"Gest\u00e3o do conhecimento nas organiza\u00e7\u00f5es"}],"skos:related":["https:\/\/adm.senado.leg.br\/vcb\/vocab\/skos\/2213","https:\/\/adm.senado.leg.br\/vcb\/vocab\/skos\/2914","https:\/\/adm.senado.leg.br\/vcb\/vocab\/skos\/3229","https:\/\/adm.senado.leg.br\/vcb\/vocab\/skos\/1138","https:\/\/adm.senado.leg.br\/vcb\/vocab\/skos\/30006","https:\/\/adm.senado.leg.br\/vcb\/vocab\/skos\/2922","https:\/\/adm.senado.leg.br\/vcb\/vocab\/skos\/591","https:\/\/adm.senado.leg.br\/vcb\/vocab\/skos\/1096","https:\/\/adm.senado.leg.br\/vcb\/vocab\/skos\/3270","https:\/\/adm.senado.leg.br\/vcb\/vocab\/skos\/730","https:\/\/adm.senado.leg.br\/vcb\/vocab\/skos\/690"]}