{"@context":{"dc":"http:\/\/purl.org\/dc\/elements\/1.1\/","skos":"http:\/\/www.w3.org\/2004\/02\/skos\/core#","skos:broader":{"@type":"@id"},"skos:inScheme":{"@type":"@id"},"skos:related":{"@type":"@id"},"skos:narrower":{"@type":"@id"},"skos:hasTopConcept":{"@type":"@id"},"skos:topConceptOf":{"@type":"@id"}},"@id":"https:\/\/adm.senado.leg.br\/vcb\/vocab\/skos\/10984","@type":"skos:Concept","skos:prefLabel":{"@language":"pt-BR","@value=":"Direitos civis"},"skos:inScheme":"https:\/\/adm.senado.leg.br\/vcb\/vocab\/","dct:created":"2020-09-18 17:44:02","skos:definition":[{"@lang":"pt-BR","@value":"Os direitos civis\u00a0s\u00e3o aqueles que o governo garante aos cidad\u00e3os, como, por exemplo, o\u00a0direito ao voto, quem tem permiss\u00e3o de comprar propriedade ou, at\u00e9 mesmo, quem est\u00e1 autorizado a dirigir ve\u00edculos.$uhttps:\/\/www.epd.edu.br\/blog\/voce-sabe-em-que-consiste-os-direitos-civis\/ "}],"skos:editorialNote":[{"@lang":"pt-BR","@value":"341.272 "}],"skos:narrower":["https:\/\/adm.senado.leg.br\/vcb\/vocab\/skos\/8065","https:\/\/adm.senado.leg.br\/vcb\/vocab\/skos\/11216","https:\/\/adm.senado.leg.br\/vcb\/vocab\/skos\/11220","https:\/\/adm.senado.leg.br\/vcb\/vocab\/skos\/145","https:\/\/adm.senado.leg.br\/vcb\/vocab\/skos\/683","https:\/\/adm.senado.leg.br\/vcb\/vocab\/skos\/11247","https:\/\/adm.senado.leg.br\/vcb\/vocab\/skos\/138","https:\/\/adm.senado.leg.br\/vcb\/vocab\/skos\/2771","https:\/\/adm.senado.leg.br\/vcb\/vocab\/skos\/11303","https:\/\/adm.senado.leg.br\/vcb\/vocab\/skos\/11306","https:\/\/adm.senado.leg.br\/vcb\/vocab\/skos\/11321","https:\/\/adm.senado.leg.br\/vcb\/vocab\/skos\/6562","https:\/\/adm.senado.leg.br\/vcb\/vocab\/skos\/3524","https:\/\/adm.senado.leg.br\/vcb\/vocab\/skos\/11506","https:\/\/adm.senado.leg.br\/vcb\/vocab\/skos\/1924","https:\/\/adm.senado.leg.br\/vcb\/vocab\/skos\/11586","https:\/\/adm.senado.leg.br\/vcb\/vocab\/skos\/11256","https:\/\/adm.senado.leg.br\/vcb\/vocab\/skos\/11700","https:\/\/adm.senado.leg.br\/vcb\/vocab\/skos\/5318","https:\/\/adm.senado.leg.br\/vcb\/vocab\/skos\/11373","https:\/\/adm.senado.leg.br\/vcb\/vocab\/skos\/11851","https:\/\/adm.senado.leg.br\/vcb\/vocab\/skos\/6894","https:\/\/adm.senado.leg.br\/vcb\/vocab\/skos\/11891","https:\/\/adm.senado.leg.br\/vcb\/vocab\/skos\/188","https:\/\/adm.senado.leg.br\/vcb\/vocab\/skos\/11790","https:\/\/adm.senado.leg.br\/vcb\/vocab\/skos\/18825","https:\/\/adm.senado.leg.br\/vcb\/vocab\/skos\/19650","https:\/\/adm.senado.leg.br\/vcb\/vocab\/skos\/9882","https:\/\/adm.senado.leg.br\/vcb\/vocab\/skos\/6607","https:\/\/adm.senado.leg.br\/vcb\/vocab\/skos\/6608","https:\/\/adm.senado.leg.br\/vcb\/vocab\/skos\/6609","https:\/\/adm.senado.leg.br\/vcb\/vocab\/skos\/1968","https:\/\/adm.senado.leg.br\/vcb\/vocab\/skos\/6897","https:\/\/adm.senado.leg.br\/vcb\/vocab\/skos\/24531","https:\/\/adm.senado.leg.br\/vcb\/vocab\/skos\/28002"],"skos:broader":["https:\/\/adm.senado.leg.br\/vcb\/vocab\/skos\/11317"],"skos:altLabel":[{"language":"pt-BR","value":"Direitos da pessoa humana"}],"skos:related":["https:\/\/adm.senado.leg.br\/vcb\/vocab\/skos\/10979","https:\/\/adm.senado.leg.br\/vcb\/vocab\/skos\/419","https:\/\/adm.senado.leg.br\/vcb\/vocab\/skos\/11789","https:\/\/adm.senado.leg.br\/vcb\/vocab\/skos\/10781","https:\/\/adm.senado.leg.br\/vcb\/vocab\/skos\/11890","https:\/\/adm.senado.leg.br\/vcb\/vocab\/skos\/25430"]}