{"@context":{"dc":"http:\/\/purl.org\/dc\/elements\/1.1\/","skos":"http:\/\/www.w3.org\/2004\/02\/skos\/core#","skos:broader":{"@type":"@id"},"skos:inScheme":{"@type":"@id"},"skos:related":{"@type":"@id"},"skos:narrower":{"@type":"@id"},"skos:hasTopConcept":{"@type":"@id"},"skos:topConceptOf":{"@type":"@id"}},"@id":"https:\/\/adm.senado.leg.br\/vcb\/vocab\/skos\/11","@type":"skos:Concept","skos:prefLabel":{"@language":"pt-BR","@value=":"Abandono intelectual"},"skos:inScheme":"https:\/\/adm.senado.leg.br\/vcb\/vocab\/","dct:created":"2020-09-18 17:42:56","skos:definition":[{"@lang":"pt-BR","@value":"O crime \u00e9 tipificado como abandono intelectual e est\u00e1 previsto no artigo 246, caput, do C\u00f3digo Penal, com pena prevista de 15 dias a 1 m\u00eas de deten\u00e7\u00e3o, ou multa. No Brasil, o ensino \u00e9 obrigat\u00f3rio entre 4 e 17 anos.$uhttps:\/\/www.tjdft.jus.br\/institucional\/imprensa\/noticias\/2017\/agosto\/mae-e-condenada-criminalmente-por-abandono-intelectual-da-fillha-adolescente "}],"skos:editorialNote":[{"@lang":"ab","@value":"341.5562 "}],"skos:broader":["https:\/\/adm.senado.leg.br\/vcb\/vocab\/skos\/58","https:\/\/adm.senado.leg.br\/vcb\/vocab\/skos\/59"],"skos:related":["https:\/\/adm.senado.leg.br\/vcb\/vocab\/skos\/8","https:\/\/adm.senado.leg.br\/vcb\/vocab\/skos\/13","https:\/\/adm.senado.leg.br\/vcb\/vocab\/skos\/54","https:\/\/adm.senado.leg.br\/vcb\/vocab\/skos\/57","https:\/\/adm.senado.leg.br\/vcb\/vocab\/skos\/55","https:\/\/adm.senado.leg.br\/vcb\/vocab\/skos\/16","https:\/\/adm.senado.leg.br\/vcb\/vocab\/skos\/56"]}