{"@context":{"dc":"http:\/\/purl.org\/dc\/elements\/1.1\/","skos":"http:\/\/www.w3.org\/2004\/02\/skos\/core#","skos:broader":{"@type":"@id"},"skos:inScheme":{"@type":"@id"},"skos:related":{"@type":"@id"},"skos:narrower":{"@type":"@id"},"skos:hasTopConcept":{"@type":"@id"},"skos:topConceptOf":{"@type":"@id"}},"@id":"https:\/\/adm.senado.leg.br\/vcb\/vocab\/skos\/1105","@type":"skos:Concept","skos:prefLabel":{"@language":"pt-BR","@value=":"Pol\u00edtica agr\u00edcola"},"skos:inScheme":"https:\/\/adm.senado.leg.br\/vcb\/vocab\/","dct:created":"2020-09-18 17:42:59","skos:definition":[{"@lang":"ab","@value":"Conjunto de a\u00e7\u00f5es do governo destinado a influir nas decis\u00f5es dos agentes respons\u00e1veis por atividades agr\u00edcolas, visando \u00e0 consecu\u00e7\u00e3o de determinados objetivos como produ\u00e7\u00e3o, comercializa\u00e7\u00e3o e armazenagem de produtos agr\u00edcolas atrav\u00e9s de mecanismos como fornecimento de infraestrutura, cr\u00e9ditos, mecanismos fiscais, armazenagem etc.$vORMOND, Jos\u00e9 Geraldo Pacheco. Gloss\u00e1rio de termos usados em atividades agropecu\u00e1rias, florestais e ci\u00eancias ambientais. BNDES, 2006. "}],"skos:narrower":["https:\/\/adm.senado.leg.br\/vcb\/vocab\/skos\/27402","https:\/\/adm.senado.leg.br\/vcb\/vocab\/skos\/10490","https:\/\/adm.senado.leg.br\/vcb\/vocab\/skos\/12536","https:\/\/adm.senado.leg.br\/vcb\/vocab\/skos\/5978","https:\/\/adm.senado.leg.br\/vcb\/vocab\/skos\/10891","https:\/\/adm.senado.leg.br\/vcb\/vocab\/skos\/5829"],"skos:broader":["https:\/\/adm.senado.leg.br\/vcb\/vocab\/skos\/125"],"skos:related":["https:\/\/adm.senado.leg.br\/vcb\/vocab\/skos\/1103","https:\/\/adm.senado.leg.br\/vcb\/vocab\/skos\/1691","https:\/\/adm.senado.leg.br\/vcb\/vocab\/skos\/1728","https:\/\/adm.senado.leg.br\/vcb\/vocab\/skos\/1736","https:\/\/adm.senado.leg.br\/vcb\/vocab\/skos\/8209","https:\/\/adm.senado.leg.br\/vcb\/vocab\/skos\/3757","https:\/\/adm.senado.leg.br\/vcb\/vocab\/skos\/3811","https:\/\/adm.senado.leg.br\/vcb\/vocab\/skos\/6535","https:\/\/adm.senado.leg.br\/vcb\/vocab\/skos\/1739","https:\/\/adm.senado.leg.br\/vcb\/vocab\/skos\/1188","https:\/\/adm.senado.leg.br\/vcb\/vocab\/skos\/16500","https:\/\/adm.senado.leg.br\/vcb\/vocab\/skos\/14785","https:\/\/adm.senado.leg.br\/vcb\/vocab\/skos\/22034","https:\/\/adm.senado.leg.br\/vcb\/vocab\/skos\/22035","https:\/\/adm.senado.leg.br\/vcb\/vocab\/skos\/1711","https:\/\/adm.senado.leg.br\/vcb\/vocab\/skos\/3908","https:\/\/adm.senado.leg.br\/vcb\/vocab\/skos\/1699","https:\/\/adm.senado.leg.br\/vcb\/vocab\/skos\/12537"]}