{"@context":{"dc":"http:\/\/purl.org\/dc\/elements\/1.1\/","skos":"http:\/\/www.w3.org\/2004\/02\/skos\/core#","skos:broader":{"@type":"@id"},"skos:inScheme":{"@type":"@id"},"skos:related":{"@type":"@id"},"skos:narrower":{"@type":"@id"},"skos:hasTopConcept":{"@type":"@id"},"skos:topConceptOf":{"@type":"@id"}},"@id":"https:\/\/adm.senado.leg.br\/vcb\/vocab\/skos\/11080","@type":"skos:Concept","skos:prefLabel":{"@language":"pt-BR","@value=":"Pris\u00e3o provis\u00f3ria"},"skos:inScheme":"https:\/\/adm.senado.leg.br\/vcb\/vocab\/","dct:created":"2020-09-18 17:44:03","skos:definition":[{"@lang":"pt-BR","@value":"Pris\u00e3o realizada antes ou no curso do processo criminal, com finalidade cautelar. Divide-se em tr\u00eas esp\u00e9cies: pris\u00e3o em flagrante, pris\u00e3o preventiva e pris\u00e3o tempor\u00e1ria.$uhttps:\/\/www12.senado.leg.br\/manualdecomunicacao\/guia-juridico\/prisao-provisoria "}],"skos:editorialNote":[{"@lang":"ab","@value":"341.4326 "}],"skos:narrower":["https:\/\/adm.senado.leg.br\/vcb\/vocab\/skos\/15256","https:\/\/adm.senado.leg.br\/vcb\/vocab\/skos\/22685","https:\/\/adm.senado.leg.br\/vcb\/vocab\/skos\/22691"],"skos:broader":["https:\/\/adm.senado.leg.br\/vcb\/vocab\/skos\/8288"],"skos:altLabel":[{"language":"pt-BR","value":"Deten\u00e7\u00e3o"}],"skos:related":["https:\/\/adm.senado.leg.br\/vcb\/vocab\/skos\/11075"]}