{"@context":{"dc":"http:\/\/purl.org\/dc\/elements\/1.1\/","skos":"http:\/\/www.w3.org\/2004\/02\/skos\/core#","skos:broader":{"@type":"@id"},"skos:inScheme":{"@type":"@id"},"skos:related":{"@type":"@id"},"skos:narrower":{"@type":"@id"},"skos:hasTopConcept":{"@type":"@id"},"skos:topConceptOf":{"@type":"@id"}},"@id":"https:\/\/adm.senado.leg.br\/vcb\/vocab\/skos\/11097","@type":"skos:Concept","skos:prefLabel":{"@language":"pt-BR","@value=":"Devido processo legal"},"skos:inScheme":"https:\/\/adm.senado.leg.br\/vcb\/vocab\/","dct:created":"2020-09-18 17:44:03","skos:definition":[{"@lang":"ab","@value":"Direito e garantia individual inscrito na Constitui\u00e7\u00e3o de 1988. Postulado de \u00edndole processual, possui largo conte\u00fado que vai desde a aplica\u00e7\u00e3o da lei por meio de processo, observada a igualdade entre as partes, at\u00e9 a ampla defesa e as garantias a ela inerentes. "}],"skos:editorialNote":[{"@lang":"ab","@value":"341.272 "}],"skos:narrower":["https:\/\/adm.senado.leg.br\/vcb\/vocab\/skos\/11103","https:\/\/adm.senado.leg.br\/vcb\/vocab\/skos\/11104","https:\/\/adm.senado.leg.br\/vcb\/vocab\/skos\/11106","https:\/\/adm.senado.leg.br\/vcb\/vocab\/skos\/10110"],"skos:broader":["https:\/\/adm.senado.leg.br\/vcb\/vocab\/skos\/11102"],"skos:related":["https:\/\/adm.senado.leg.br\/vcb\/vocab\/skos\/11098","https:\/\/adm.senado.leg.br\/vcb\/vocab\/skos\/11099","https:\/\/adm.senado.leg.br\/vcb\/vocab\/skos\/11100","https:\/\/adm.senado.leg.br\/vcb\/vocab\/skos\/11101"]}