{"@context":{"dc":"http:\/\/purl.org\/dc\/elements\/1.1\/","skos":"http:\/\/www.w3.org\/2004\/02\/skos\/core#","skos:broader":{"@type":"@id"},"skos:inScheme":{"@type":"@id"},"skos:related":{"@type":"@id"},"skos:narrower":{"@type":"@id"},"skos:hasTopConcept":{"@type":"@id"},"skos:topConceptOf":{"@type":"@id"}},"@id":"https:\/\/adm.senado.leg.br\/vcb\/vocab\/skos\/1114","@type":"skos:Concept","skos:prefLabel":{"@language":"pt-BR","@value=":"Administra\u00e7\u00e3o da fal\u00eancia"},"skos:inScheme":"https:\/\/adm.senado.leg.br\/vcb\/vocab\/","dct:created":"2020-09-18 17:42:59","skos:editorialNote":[{"@lang":"ab","@value":"342.2365 "}],"skos:broader":["https:\/\/adm.senado.leg.br\/vcb\/vocab\/skos\/1116"],"skos:altLabel":[{"language":"pt-BR","value":"Administra\u00e7\u00e3o de fal\u00eancia"}],"skos:related":["https:\/\/adm.senado.leg.br\/vcb\/vocab\/skos\/1115","https:\/\/adm.senado.leg.br\/vcb\/vocab\/skos\/1117"]}