{"@context":{"dc":"http:\/\/purl.org\/dc\/elements\/1.1\/","skos":"http:\/\/www.w3.org\/2004\/02\/skos\/core#","skos:broader":{"@type":"@id"},"skos:inScheme":{"@type":"@id"},"skos:related":{"@type":"@id"},"skos:narrower":{"@type":"@id"},"skos:hasTopConcept":{"@type":"@id"},"skos:topConceptOf":{"@type":"@id"}},"@id":"https:\/\/adm.senado.leg.br\/vcb\/vocab\/skos\/11147","@type":"skos:Concept","skos:prefLabel":{"@language":"pt-BR","@value=":"Inova\u00e7\u00e3o tecnol\u00f3gica"},"skos:inScheme":"https:\/\/adm.senado.leg.br\/vcb\/vocab\/","dct:created":"2020-09-18 17:44:03","skos:definition":[{"@lang":"ab","@value":"Desenvolvimento e introdu\u00e7\u00e3o de um novo produto, processo ou forma de organiza\u00e7\u00e3o da produ\u00e7\u00e3o inteiramente nova (inova\u00e7\u00e3o radical) ou introdu\u00e7\u00e3o de qualquer tipo de melhoria em um produto, processo ou organiza\u00e7\u00e3o (inova\u00e7\u00e3o incremental)$v-LEMOS, p. 124. "}],"skos:narrower":["https:\/\/adm.senado.leg.br\/vcb\/vocab\/skos\/29998","https:\/\/adm.senado.leg.br\/vcb\/vocab\/skos\/18889"],"skos:broader":["https:\/\/adm.senado.leg.br\/vcb\/vocab\/skos\/10839"],"skos:altLabel":[{"language":"pt-BR","value":"Avan\u00e7o tecnol\u00f3gico"},{"language":"pt-BR","value":"Avan\u00e7os tecnol\u00f3gicos"},{"language":"pt-BR","value":"Inova\u00e7\u00e3o"},{"language":"pt-BR","value":"Inova\u00e7\u00e3o t\u00e9cnica"},{"language":"pt-BR","value":"Inova\u00e7\u00f5es t\u00e9cnicas"}],"skos:related":["https:\/\/adm.senado.leg.br\/vcb\/vocab\/skos\/29374","https:\/\/adm.senado.leg.br\/vcb\/vocab\/skos\/10718","https:\/\/adm.senado.leg.br\/vcb\/vocab\/skos\/29157","https:\/\/adm.senado.leg.br\/vcb\/vocab\/skos\/11148","https:\/\/adm.senado.leg.br\/vcb\/vocab\/skos\/29389","https:\/\/adm.senado.leg.br\/vcb\/vocab\/skos\/2922","https:\/\/adm.senado.leg.br\/vcb\/vocab\/skos\/30004","https:\/\/adm.senado.leg.br\/vcb\/vocab\/skos\/16378","https:\/\/adm.senado.leg.br\/vcb\/vocab\/skos\/1249","https:\/\/adm.senado.leg.br\/vcb\/vocab\/skos\/1794","https:\/\/adm.senado.leg.br\/vcb\/vocab\/skos\/6964","https:\/\/adm.senado.leg.br\/vcb\/vocab\/skos\/12223","https:\/\/adm.senado.leg.br\/vcb\/vocab\/skos\/1533","https:\/\/adm.senado.leg.br\/vcb\/vocab\/skos\/18888","https:\/\/adm.senado.leg.br\/vcb\/vocab\/skos\/10942","https:\/\/adm.senado.leg.br\/vcb\/vocab\/skos\/5426","https:\/\/adm.senado.leg.br\/vcb\/vocab\/skos\/13016","https:\/\/adm.senado.leg.br\/vcb\/vocab\/skos\/29335"]}