{"@context":{"dc":"http:\/\/purl.org\/dc\/elements\/1.1\/","skos":"http:\/\/www.w3.org\/2004\/02\/skos\/core#","skos:broader":{"@type":"@id"},"skos:inScheme":{"@type":"@id"},"skos:related":{"@type":"@id"},"skos:narrower":{"@type":"@id"},"skos:hasTopConcept":{"@type":"@id"},"skos:topConceptOf":{"@type":"@id"}},"@id":"https:\/\/adm.senado.leg.br\/vcb\/vocab\/skos\/1116","@type":"skos:Concept","skos:prefLabel":{"@language":"pt-BR","@value=":"Fal\u00eancia"},"skos:inScheme":"https:\/\/adm.senado.leg.br\/vcb\/vocab\/","dct:created":"2020-09-18 17:42:59","skos:definition":[{"@lang":"ab","@value":"Fal\u00eancia, em \u00faltima an\u00e1lise, \u00e9 a execu\u00e7\u00e3o processual coletiva, realizada em Ju\u00edzo, dirigida e superintendida pelo juiz. Ajuntam-se nela os credores, fortuita, mas obrigatoriamente, cada qual defendendo o seu direito individual, embora deliberando coletivamente, subordinados a regras especiais, merc\u00ea da comunh\u00e3o de interesses.$vCRUZ, Samir. Fal\u00eancia: conceitos, finalidades, natureza jur\u00eddica e fases do processo falimentar comum. "}],"skos:editorialNote":[{"@lang":"ab","@value":"342.236 "}],"skos:narrower":["https:\/\/adm.senado.leg.br\/vcb\/vocab\/skos\/1114","https:\/\/adm.senado.leg.br\/vcb\/vocab\/skos\/1115","https:\/\/adm.senado.leg.br\/vcb\/vocab\/skos\/14846"],"skos:broader":["https:\/\/adm.senado.leg.br\/vcb\/vocab\/skos\/11434","https:\/\/adm.senado.leg.br\/vcb\/vocab\/skos\/19853"],"skos:altLabel":[{"language":"pt-BR","value":"Fal\u00eancia (administra\u00e7\u00e3o)"},{"language":"pt-BR","value":"Fal\u00eancia (direito comercial)"},{"language":"pt-BR","value":"Fal\u00eancia (direito)"},{"language":"pt-BR","value":"Fal\u00eancia administrativa"}],"skos:related":["https:\/\/adm.senado.leg.br\/vcb\/vocab\/skos\/8238","https:\/\/adm.senado.leg.br\/vcb\/vocab\/skos\/8242","https:\/\/adm.senado.leg.br\/vcb\/vocab\/skos\/8243","https:\/\/adm.senado.leg.br\/vcb\/vocab\/skos\/5055","https:\/\/adm.senado.leg.br\/vcb\/vocab\/skos\/2626","https:\/\/adm.senado.leg.br\/vcb\/vocab\/skos\/304","https:\/\/adm.senado.leg.br\/vcb\/vocab\/skos\/7395","https:\/\/adm.senado.leg.br\/vcb\/vocab\/skos\/2282","https:\/\/adm.senado.leg.br\/vcb\/vocab\/skos\/361","https:\/\/adm.senado.leg.br\/vcb\/vocab\/skos\/14845","https:\/\/adm.senado.leg.br\/vcb\/vocab\/skos\/29051","https:\/\/adm.senado.leg.br\/vcb\/vocab\/skos\/8240","https:\/\/adm.senado.leg.br\/vcb\/vocab\/skos\/29717"]}