{"@context":{"dc":"http:\/\/purl.org\/dc\/elements\/1.1\/","skos":"http:\/\/www.w3.org\/2004\/02\/skos\/core#","skos:broader":{"@type":"@id"},"skos:inScheme":{"@type":"@id"},"skos:related":{"@type":"@id"},"skos:narrower":{"@type":"@id"},"skos:hasTopConcept":{"@type":"@id"},"skos:topConceptOf":{"@type":"@id"}},"@id":"https:\/\/adm.senado.leg.br\/vcb\/vocab\/skos\/11168","@type":"skos:Concept","skos:prefLabel":{"@language":"pt-BR","@value=":"Pol\u00edtica externa"},"skos:inScheme":"https:\/\/adm.senado.leg.br\/vcb\/vocab\/","dct:created":"2020-09-18 17:44:04","skos:scopeNote":[{"@lang":"pt-BR","@value":"Usar ligado ao nome do pa\u00eds. "}],"skos:definition":[{"@lang":"ab","@value":"Atividade pela qual os Estados agem, reagem e interagem. A pol\u00edtica externa \u00e9 uma atividade de fronteira cruzando dois ambientes - o interno e o externo. A a\u00e7\u00e3o dos decisores pol\u00edticos situa-se, por isso, na jun\u00e7\u00e3o destes dois meios, devendo, por isso, gerir os interesses e oportunidades de ambos.$vDICION\u00c1RIO de Rela\u00e7\u00f5es Internacionais "}],"skos:narrower":["https:\/\/adm.senado.leg.br\/vcb\/vocab\/skos\/2604","https:\/\/adm.senado.leg.br\/vcb\/vocab\/skos\/22144","https:\/\/adm.senado.leg.br\/vcb\/vocab\/skos\/22250"],"skos:broader":["https:\/\/adm.senado.leg.br\/vcb\/vocab\/skos\/4571"],"skos:altLabel":[{"language":"pt-BR","value":"Pol\u00edtica exterior"}],"skos:related":["https:\/\/adm.senado.leg.br\/vcb\/vocab\/skos\/1843","https:\/\/adm.senado.leg.br\/vcb\/vocab\/skos\/6689","https:\/\/adm.senado.leg.br\/vcb\/vocab\/skos\/22248","https:\/\/adm.senado.leg.br\/vcb\/vocab\/skos\/9341","https:\/\/adm.senado.leg.br\/vcb\/vocab\/skos\/9340","https:\/\/adm.senado.leg.br\/vcb\/vocab\/skos\/22249"]}