{"@context":{"dc":"http:\/\/purl.org\/dc\/elements\/1.1\/","skos":"http:\/\/www.w3.org\/2004\/02\/skos\/core#","skos:broader":{"@type":"@id"},"skos:inScheme":{"@type":"@id"},"skos:related":{"@type":"@id"},"skos:narrower":{"@type":"@id"},"skos:hasTopConcept":{"@type":"@id"},"skos:topConceptOf":{"@type":"@id"}},"@id":"https:\/\/adm.senado.leg.br\/vcb\/vocab\/skos\/11219","@type":"skos:Concept","skos:prefLabel":{"@language":"pt-BR","@value=":"Direito ao trabalho"},"skos:inScheme":"https:\/\/adm.senado.leg.br\/vcb\/vocab\/","dct:created":"2020-09-18 17:44:04","skos:definition":[{"@lang":"ab","@value":"Faculdade que todas as pessoas possuem de usar sua for\u00e7a de trabalho para exercer uma ocupa\u00e7\u00e3o legal que lhe retribua ao menos o necess\u00e1rio para viver. "}],"skos:editorialNote":[{"@lang":"ab","@value":"341.272 "}],"skos:narrower":["https:\/\/adm.senado.leg.br\/vcb\/vocab\/skos\/170","https:\/\/adm.senado.leg.br\/vcb\/vocab\/skos\/11251","https:\/\/adm.senado.leg.br\/vcb\/vocab\/skos\/11327","https:\/\/adm.senado.leg.br\/vcb\/vocab\/skos\/11334","https:\/\/adm.senado.leg.br\/vcb\/vocab\/skos\/11389","https:\/\/adm.senado.leg.br\/vcb\/vocab\/skos\/8310"],"skos:broader":["https:\/\/adm.senado.leg.br\/vcb\/vocab\/skos\/11320","https:\/\/adm.senado.leg.br\/vcb\/vocab\/skos\/681"],"skos:altLabel":[{"language":"pt-BR","value":"Garantia de trabalho"}],"skos:related":["https:\/\/adm.senado.leg.br\/vcb\/vocab\/skos\/11323","https:\/\/adm.senado.leg.br\/vcb\/vocab\/skos\/928","https:\/\/adm.senado.leg.br\/vcb\/vocab\/skos\/11384","https:\/\/adm.senado.leg.br\/vcb\/vocab\/skos\/1206","https:\/\/adm.senado.leg.br\/vcb\/vocab\/skos\/11385","https:\/\/adm.senado.leg.br\/vcb\/vocab\/skos\/11386","https:\/\/adm.senado.leg.br\/vcb\/vocab\/skos\/11387"]}