{"@context":{"dc":"http:\/\/purl.org\/dc\/elements\/1.1\/","skos":"http:\/\/www.w3.org\/2004\/02\/skos\/core#","skos:broader":{"@type":"@id"},"skos:inScheme":{"@type":"@id"},"skos:related":{"@type":"@id"},"skos:narrower":{"@type":"@id"},"skos:hasTopConcept":{"@type":"@id"},"skos:topConceptOf":{"@type":"@id"}},"@id":"https:\/\/adm.senado.leg.br\/vcb\/vocab\/skos\/1122","@type":"skos:Concept","skos:prefLabel":{"@language":"pt-BR","@value=":"Organiza\u00e7\u00e3o judici\u00e1ria"},"skos:inScheme":"https:\/\/adm.senado.leg.br\/vcb\/vocab\/","dct:created":"2020-09-18 17:42:59","skos:editorialNote":[{"@lang":"ab","@value":"341.41 "}],"skos:narrower":["https:\/\/adm.senado.leg.br\/vcb\/vocab\/skos\/1389","https:\/\/adm.senado.leg.br\/vcb\/vocab\/skos\/1872","https:\/\/adm.senado.leg.br\/vcb\/vocab\/skos\/9453","https:\/\/adm.senado.leg.br\/vcb\/vocab\/skos\/6327","https:\/\/adm.senado.leg.br\/vcb\/vocab\/skos\/12124","https:\/\/adm.senado.leg.br\/vcb\/vocab\/skos\/13554","https:\/\/adm.senado.leg.br\/vcb\/vocab\/skos\/372","https:\/\/adm.senado.leg.br\/vcb\/vocab\/skos\/441","https:\/\/adm.senado.leg.br\/vcb\/vocab\/skos\/4227","https:\/\/adm.senado.leg.br\/vcb\/vocab\/skos\/19377","https:\/\/adm.senado.leg.br\/vcb\/vocab\/skos\/19378","https:\/\/adm.senado.leg.br\/vcb\/vocab\/skos\/18851","https:\/\/adm.senado.leg.br\/vcb\/vocab\/skos\/15369","https:\/\/adm.senado.leg.br\/vcb\/vocab\/skos\/19441","https:\/\/adm.senado.leg.br\/vcb\/vocab\/skos\/13555","https:\/\/adm.senado.leg.br\/vcb\/vocab\/skos\/376","https:\/\/adm.senado.leg.br\/vcb\/vocab\/skos\/21212","https:\/\/adm.senado.leg.br\/vcb\/vocab\/skos\/18927","https:\/\/adm.senado.leg.br\/vcb\/vocab\/skos\/21364","https:\/\/adm.senado.leg.br\/vcb\/vocab\/skos\/19355"],"skos:broader":["https:\/\/adm.senado.leg.br\/vcb\/vocab\/skos\/1123"],"skos:altLabel":[{"language":"pt-BR","value":"Organiza\u00e7\u00e3o da justi\u00e7a"},{"language":"pt-BR","value":"Organiza\u00e7\u00e3o do judici\u00e1rio"},{"language":"pt-BR","value":"Organiza\u00e7\u00e3o do poder judici\u00e1rio"}],"skos:related":["https:\/\/adm.senado.leg.br\/vcb\/vocab\/skos\/1118","https:\/\/adm.senado.leg.br\/vcb\/vocab\/skos\/4497","https:\/\/adm.senado.leg.br\/vcb\/vocab\/skos\/6205","https:\/\/adm.senado.leg.br\/vcb\/vocab\/skos\/1415","https:\/\/adm.senado.leg.br\/vcb\/vocab\/skos\/4500","https:\/\/adm.senado.leg.br\/vcb\/vocab\/skos\/1061","https:\/\/adm.senado.leg.br\/vcb\/vocab\/skos\/6199","https:\/\/adm.senado.leg.br\/vcb\/vocab\/skos\/21359","https:\/\/adm.senado.leg.br\/vcb\/vocab\/skos\/8540","https:\/\/adm.senado.leg.br\/vcb\/vocab\/skos\/19449","https:\/\/adm.senado.leg.br\/vcb\/vocab\/skos\/21361","https:\/\/adm.senado.leg.br\/vcb\/vocab\/skos\/21363","https:\/\/adm.senado.leg.br\/vcb\/vocab\/skos\/7458","https:\/\/adm.senado.leg.br\/vcb\/vocab\/skos\/20658","https:\/\/adm.senado.leg.br\/vcb\/vocab\/skos\/20661"]}