{"@context":{"dc":"http:\/\/purl.org\/dc\/elements\/1.1\/","skos":"http:\/\/www.w3.org\/2004\/02\/skos\/core#","skos:broader":{"@type":"@id"},"skos:inScheme":{"@type":"@id"},"skos:related":{"@type":"@id"},"skos:narrower":{"@type":"@id"},"skos:hasTopConcept":{"@type":"@id"},"skos:topConceptOf":{"@type":"@id"}},"@id":"https:\/\/adm.senado.leg.br\/vcb\/vocab\/skos\/11301","@type":"skos:Concept","skos:prefLabel":{"@language":"pt-BR","@value=":"Prote\u00e7\u00e3o de dados pessoais"},"skos:inScheme":"https:\/\/adm.senado.leg.br\/vcb\/vocab\/","dct:created":"2020-09-18 17:44:05","skos:definition":[{"@lang":"pt-BR","@value":"Conjunto de normas e t\u00e9cnicas que visam proteger a privacidade e os direitos fundamentais de liberdade e de personalidade de todo indiv\u00edduo, regulando o tratamento de seus dados por pessoas naturais ou jur\u00eddicas de direito p\u00fablico ou privado. "}],"skos:broader":["https:\/\/adm.senado.leg.br\/vcb\/vocab\/skos\/5318"],"skos:related":["https:\/\/adm.senado.leg.br\/vcb\/vocab\/skos\/28142","https:\/\/adm.senado.leg.br\/vcb\/vocab\/skos\/396","https:\/\/adm.senado.leg.br\/vcb\/vocab\/skos\/28002"]}