{"@context":{"dc":"http:\/\/purl.org\/dc\/elements\/1.1\/","skos":"http:\/\/www.w3.org\/2004\/02\/skos\/core#","skos:broader":{"@type":"@id"},"skos:inScheme":{"@type":"@id"},"skos:related":{"@type":"@id"},"skos:narrower":{"@type":"@id"},"skos:hasTopConcept":{"@type":"@id"},"skos:topConceptOf":{"@type":"@id"}},"@id":"https:\/\/adm.senado.leg.br\/vcb\/vocab\/skos\/11317","@type":"skos:Concept","skos:prefLabel":{"@language":"pt-BR","@value=":"Direitos humanos"},"skos:inScheme":"https:\/\/adm.senado.leg.br\/vcb\/vocab\/","dct:created":"2020-09-18 17:44:05","skos:definition":[{"@lang":"ab","@value":"Os direitos humanos s\u00e3o direitos inerentes a todos os seres humanos, independentemente de ra\u00e7a, sexo, nacionalidade, etnia, idioma, religi\u00e3o ou qualquer outra condi\u00e7\u00e3o.$vORGANIZA\u00c7\u00c3O DAS NA\u00c7\u00d5ES UNIDAS. O que s\u00e3o os direitos humanos. "}],"skos:editorialNote":[{"@lang":"ab","@value":"341.12191 "},{"@lang":"ab","@value":"341.272 "}],"skos:narrower":["https:\/\/adm.senado.leg.br\/vcb\/vocab\/skos\/329","https:\/\/adm.senado.leg.br\/vcb\/vocab\/skos\/187","https:\/\/adm.senado.leg.br\/vcb\/vocab\/skos\/10984","https:\/\/adm.senado.leg.br\/vcb\/vocab\/skos\/11225","https:\/\/adm.senado.leg.br\/vcb\/vocab\/skos\/11224","https:\/\/adm.senado.leg.br\/vcb\/vocab\/skos\/330","https:\/\/adm.senado.leg.br\/vcb\/vocab\/skos\/4352","https:\/\/adm.senado.leg.br\/vcb\/vocab\/skos\/651","https:\/\/adm.senado.leg.br\/vcb\/vocab\/skos\/11320","https:\/\/adm.senado.leg.br\/vcb\/vocab\/skos\/681","https:\/\/adm.senado.leg.br\/vcb\/vocab\/skos\/11850","https:\/\/adm.senado.leg.br\/vcb\/vocab\/skos\/11873","https:\/\/adm.senado.leg.br\/vcb\/vocab\/skos\/2773","https:\/\/adm.senado.leg.br\/vcb\/vocab\/skos\/11874"],"skos:broader":["https:\/\/adm.senado.leg.br\/vcb\/vocab\/skos\/2802","https:\/\/adm.senado.leg.br\/vcb\/vocab\/skos\/2499"],"skos:altLabel":[{"language":"pt-BR","value":"Direitos do homem"},{"language":"pt-BR","value":"Direitos humanos (direito constitucional)"}],"skos:related":["https:\/\/adm.senado.leg.br\/vcb\/vocab\/skos\/4112","https:\/\/adm.senado.leg.br\/vcb\/vocab\/skos\/29530","https:\/\/adm.senado.leg.br\/vcb\/vocab\/skos\/10645","https:\/\/adm.senado.leg.br\/vcb\/vocab\/skos\/6995","https:\/\/adm.senado.leg.br\/vcb\/vocab\/skos\/11872","https:\/\/adm.senado.leg.br\/vcb\/vocab\/skos\/662","https:\/\/adm.senado.leg.br\/vcb\/vocab\/skos\/27514","https:\/\/adm.senado.leg.br\/vcb\/vocab\/skos\/3642","https:\/\/adm.senado.leg.br\/vcb\/vocab\/skos\/10523","https:\/\/adm.senado.leg.br\/vcb\/vocab\/skos\/2767"]}