{"@context":{"dc":"http:\/\/purl.org\/dc\/elements\/1.1\/","skos":"http:\/\/www.w3.org\/2004\/02\/skos\/core#","skos:broader":{"@type":"@id"},"skos:inScheme":{"@type":"@id"},"skos:related":{"@type":"@id"},"skos:narrower":{"@type":"@id"},"skos:hasTopConcept":{"@type":"@id"},"skos:topConceptOf":{"@type":"@id"}},"@id":"https:\/\/adm.senado.leg.br\/vcb\/vocab\/skos\/1142","@type":"skos:Concept","skos:prefLabel":{"@language":"pt-BR","@value=":"Gestor"},"skos:inScheme":"https:\/\/adm.senado.leg.br\/vcb\/vocab\/","dct:created":"2020-09-18 17:42:59","skos:definition":[{"@lang":"ab","@value":"Quem gerencia ou administra neg\u00f3cios, bens ou servi\u00e7os.$vCGU. Portal da Transpar\u00eancia. Gloss\u00e1rio. "}],"skos:narrower":["https:\/\/adm.senado.leg.br\/vcb\/vocab\/skos\/7347","https:\/\/adm.senado.leg.br\/vcb\/vocab\/skos\/5185","https:\/\/adm.senado.leg.br\/vcb\/vocab\/skos\/15743","https:\/\/adm.senado.leg.br\/vcb\/vocab\/skos\/15736","https:\/\/adm.senado.leg.br\/vcb\/vocab\/skos\/15744","https:\/\/adm.senado.leg.br\/vcb\/vocab\/skos\/15745"],"skos:broader":["https:\/\/adm.senado.leg.br\/vcb\/vocab\/skos\/6785"],"skos:altLabel":[{"language":"pt-BR","value":"Administrador"},{"language":"pt-BR","value":"Administradores"},{"language":"pt-BR","value":"Diretor"},{"language":"pt-BR","value":"Dirigente"},{"language":"pt-BR","value":"Gerente"},{"language":"pt-BR","value":"Gerentes"}],"skos:related":["https:\/\/adm.senado.leg.br\/vcb\/vocab\/skos\/1085","https:\/\/adm.senado.leg.br\/vcb\/vocab\/skos\/2143","https:\/\/adm.senado.leg.br\/vcb\/vocab\/skos\/4055","https:\/\/adm.senado.leg.br\/vcb\/vocab\/skos\/6797","https:\/\/adm.senado.leg.br\/vcb\/vocab\/skos\/1141"]}