{"@context":{"dc":"http:\/\/purl.org\/dc\/elements\/1.1\/","skos":"http:\/\/www.w3.org\/2004\/02\/skos\/core#","skos:broader":{"@type":"@id"},"skos:inScheme":{"@type":"@id"},"skos:related":{"@type":"@id"},"skos:narrower":{"@type":"@id"},"skos:hasTopConcept":{"@type":"@id"},"skos:topConceptOf":{"@type":"@id"}},"@id":"https:\/\/adm.senado.leg.br\/vcb\/vocab\/skos\/11445","@type":"skos:Concept","skos:prefLabel":{"@language":"pt-BR","@value=":"Expuls\u00e3o"},"skos:inScheme":"https:\/\/adm.senado.leg.br\/vcb\/vocab\/","dct:created":"2020-09-18 17:44:08","skos:editorialNote":[{"@lang":"ab","@value":"341.2 "}],"skos:narrower":["https:\/\/adm.senado.leg.br\/vcb\/vocab\/skos\/9692"],"skos:broader":["https:\/\/adm.senado.leg.br\/vcb\/vocab\/skos\/10741"],"skos:altLabel":[{"language":"pt-BR","value":"Expuls\u00e3o administrativa"},{"language":"pt-BR","value":"Expuls\u00e3o do territ\u00f3rio"}],"skos:related":["https:\/\/adm.senado.leg.br\/vcb\/vocab\/skos\/10738","https:\/\/adm.senado.leg.br\/vcb\/vocab\/skos\/3528","https:\/\/adm.senado.leg.br\/vcb\/vocab\/skos\/28218"]}