{"@context":{"dc":"http:\/\/purl.org\/dc\/elements\/1.1\/","skos":"http:\/\/www.w3.org\/2004\/02\/skos\/core#","skos:broader":{"@type":"@id"},"skos:inScheme":{"@type":"@id"},"skos:related":{"@type":"@id"},"skos:narrower":{"@type":"@id"},"skos:hasTopConcept":{"@type":"@id"},"skos:topConceptOf":{"@type":"@id"}},"@id":"https:\/\/adm.senado.leg.br\/vcb\/vocab\/skos\/11447","@type":"skos:Concept","skos:prefLabel":{"@language":"pt-BR","@value=":"Povo"},"skos:inScheme":"https:\/\/adm.senado.leg.br\/vcb\/vocab\/","dct:created":"2020-09-18 17:44:08","skos:definition":[{"@lang":"pt-BR","@value":"\u00c9 a popula\u00e7\u00e3o do Estado, \u00e9 um grupo humano encarado na sua totalidade numa ordem estatal determinada; \u00e9 o conjunto de indiv\u00edduos sujeitos \u00e0s mesmas leis. (HORCAIO, Ivan. Dicion\u00e1rio Jur\u00eddico. S\u00e3o Paulo: Primeira Impress\u00e3o. 2008. p. 1372). "}],"skos:editorialNote":[{"@lang":"ab","@value":"341.21 "}],"skos:broader":["https:\/\/adm.senado.leg.br\/vcb\/vocab\/skos\/2802","https:\/\/adm.senado.leg.br\/vcb\/vocab\/skos\/13752"],"skos:related":["https:\/\/adm.senado.leg.br\/vcb\/vocab\/skos\/10612","https:\/\/adm.senado.leg.br\/vcb\/vocab\/skos\/13734","https:\/\/adm.senado.leg.br\/vcb\/vocab\/skos\/21778","https:\/\/adm.senado.leg.br\/vcb\/vocab\/skos\/6584","https:\/\/adm.senado.leg.br\/vcb\/vocab\/skos\/18874","https:\/\/adm.senado.leg.br\/vcb\/vocab\/skos\/25187"]}