{"@context":{"dc":"http:\/\/purl.org\/dc\/elements\/1.1\/","skos":"http:\/\/www.w3.org\/2004\/02\/skos\/core#","skos:broader":{"@type":"@id"},"skos:inScheme":{"@type":"@id"},"skos:related":{"@type":"@id"},"skos:narrower":{"@type":"@id"},"skos:hasTopConcept":{"@type":"@id"},"skos:topConceptOf":{"@type":"@id"}},"@id":"https:\/\/adm.senado.leg.br\/vcb\/vocab\/skos\/11466","@type":"skos:Concept","skos:prefLabel":{"@language":"pt-BR","@value=":"Obriga\u00e7\u00e3o negativa"},"skos:inScheme":"https:\/\/adm.senado.leg.br\/vcb\/vocab\/","dct:created":"2020-09-18 17:44:09","skos:definition":[{"@lang":"ab","@value":"V\u00ednculo consistente em abster-se ou omitir-se, algu\u00e9m, da pr\u00e1tica de ato ou fato (DICION\u00c1RIO jur\u00eddico, 4. ed., 1997). "}],"skos:editorialNote":[{"@lang":"ab","@value":"342.1412 "}],"skos:broader":["https:\/\/adm.senado.leg.br\/vcb\/vocab\/skos\/8910"],"skos:altLabel":[{"language":"pt-BR","value":"Obriga\u00e7\u00e3o de n\u00e3o fazer"}],"skos:related":["https:\/\/adm.senado.leg.br\/vcb\/vocab\/skos\/6475"]}