{"@context":{"dc":"http:\/\/purl.org\/dc\/elements\/1.1\/","skos":"http:\/\/www.w3.org\/2004\/02\/skos\/core#","skos:broader":{"@type":"@id"},"skos:inScheme":{"@type":"@id"},"skos:related":{"@type":"@id"},"skos:narrower":{"@type":"@id"},"skos:hasTopConcept":{"@type":"@id"},"skos:topConceptOf":{"@type":"@id"}},"@id":"https:\/\/adm.senado.leg.br\/vcb\/vocab\/skos\/11640","@type":"skos:Concept","skos:prefLabel":{"@language":"pt-BR","@value=":"Representante dos trabalhadores"},"skos:inScheme":"https:\/\/adm.senado.leg.br\/vcb\/vocab\/","dct:created":"2020-09-18 17:44:14","skos:definition":[{"@lang":"ab","@value":"Representantes que s\u00e3o livremente eleitos pelos trabalhadores da empresa, independentemente de filia\u00e7\u00e3o a um sindicato espec\u00edfico, e tem a finalidade de promover o entendimentos entre seus representados e a dire\u00e7\u00e3o da empresa. "}],"skos:editorialNote":[{"@lang":"ab","@value":"342.6 "}],"skos:narrower":["https:\/\/adm.senado.leg.br\/vcb\/vocab\/skos\/10590"],"skos:broader":["https:\/\/adm.senado.leg.br\/vcb\/vocab\/skos\/2220"],"skos:altLabel":[{"language":"pt-BR","value":"Delegado do pessoal"}],"skos:related":["https:\/\/adm.senado.leg.br\/vcb\/vocab\/skos\/428","https:\/\/adm.senado.leg.br\/vcb\/vocab\/skos\/591","https:\/\/adm.senado.leg.br\/vcb\/vocab\/skos\/929","https:\/\/adm.senado.leg.br\/vcb\/vocab\/skos\/2858"]}