{"@context":{"dc":"http:\/\/purl.org\/dc\/elements\/1.1\/","skos":"http:\/\/www.w3.org\/2004\/02\/skos\/core#","skos:broader":{"@type":"@id"},"skos:inScheme":{"@type":"@id"},"skos:related":{"@type":"@id"},"skos:narrower":{"@type":"@id"},"skos:hasTopConcept":{"@type":"@id"},"skos:topConceptOf":{"@type":"@id"}},"@id":"https:\/\/adm.senado.leg.br\/vcb\/vocab\/skos\/1179","@type":"skos:Concept","skos:prefLabel":{"@language":"pt-BR","@value=":"Planejamento estrat\u00e9gico"},"skos:inScheme":"https:\/\/adm.senado.leg.br\/vcb\/vocab\/","dct:created":"2020-09-18 17:42:59","skos:narrower":["https:\/\/adm.senado.leg.br\/vcb\/vocab\/skos\/22053"],"skos:broader":["https:\/\/adm.senado.leg.br\/vcb\/vocab\/skos\/15685"],"skos:altLabel":[{"language":"pt-BR","value":"Estrat\u00e9gia de planejamento"},{"language":"pt-BR","value":"Planejamento, estrat\u00e9gia"},{"language":"pt-BR","value":"Plano estrat\u00e9gico"}],"skos:related":["https:\/\/adm.senado.leg.br\/vcb\/vocab\/skos\/1088","https:\/\/adm.senado.leg.br\/vcb\/vocab\/skos\/3049","https:\/\/adm.senado.leg.br\/vcb\/vocab\/skos\/4702","https:\/\/adm.senado.leg.br\/vcb\/vocab\/skos\/1178","https:\/\/adm.senado.leg.br\/vcb\/vocab\/skos\/2363","https:\/\/adm.senado.leg.br\/vcb\/vocab\/skos\/20542","https:\/\/adm.senado.leg.br\/vcb\/vocab\/skos\/22050","https:\/\/adm.senado.leg.br\/vcb\/vocab\/skos\/22051","https:\/\/adm.senado.leg.br\/vcb\/vocab\/skos\/22052"]}