{"@context":{"dc":"http:\/\/purl.org\/dc\/elements\/1.1\/","skos":"http:\/\/www.w3.org\/2004\/02\/skos\/core#","skos:broader":{"@type":"@id"},"skos:inScheme":{"@type":"@id"},"skos:related":{"@type":"@id"},"skos:narrower":{"@type":"@id"},"skos:hasTopConcept":{"@type":"@id"},"skos:topConceptOf":{"@type":"@id"}},"@id":"https:\/\/adm.senado.leg.br\/vcb\/vocab\/skos\/11792","@type":"skos:Concept","skos:prefLabel":{"@language":"pt-BR","@value=":"Direitos humanos de terceira gera\u00e7\u00e3o"},"skos:inScheme":"https:\/\/adm.senado.leg.br\/vcb\/vocab\/","dct:created":"2020-09-18 17:44:24","skos:definition":[{"@lang":"ab","@value":"Ligados ao valor fraternidade ou solidariedade, s\u00e3o os relacionados ao desenvolvimento ou progresso, ao meio ambiente, \u00e0 autodetermina\u00e7\u00e3o dos povos, bem como ao direito de propriedade sobre o patrim\u00f4nio comum da humanidade e ao direito de comunica\u00e7\u00e3o. S\u00e3o direitos transindividuais, em rol exemplificativo, destinados \u00e0 prote\u00e7\u00e3o do g\u00eanero humano. (Marcelo Novelino) "}],"skos:narrower":["https:\/\/adm.senado.leg.br\/vcb\/vocab\/skos\/11647","https:\/\/adm.senado.leg.br\/vcb\/vocab\/skos\/11287"],"skos:broader":["https:\/\/adm.senado.leg.br\/vcb\/vocab\/skos\/11850"],"skos:altLabel":[{"language":"pt-BR","value":"Direitos humanos de coopera\u00e7\u00e3o"}],"skos:related":["https:\/\/adm.senado.leg.br\/vcb\/vocab\/skos\/11224","https:\/\/adm.senado.leg.br\/vcb\/vocab\/skos\/4352"]}