{"@context":{"dc":"http:\/\/purl.org\/dc\/elements\/1.1\/","skos":"http:\/\/www.w3.org\/2004\/02\/skos\/core#","skos:broader":{"@type":"@id"},"skos:inScheme":{"@type":"@id"},"skos:related":{"@type":"@id"},"skos:narrower":{"@type":"@id"},"skos:hasTopConcept":{"@type":"@id"},"skos:topConceptOf":{"@type":"@id"}},"@id":"https:\/\/adm.senado.leg.br\/vcb\/vocab\/skos\/1189","@type":"skos:Concept","skos:prefLabel":{"@language":"pt-BR","@value=":"Prote\u00e7\u00e3o ambiental"},"skos:inScheme":"https:\/\/adm.senado.leg.br\/vcb\/vocab\/","dct:created":"2020-09-18 17:42:59","skos:definition":[{"@lang":"ab","@value":"Ato de proteger, de defender, de socorrer, de manter, de conservar o meio ambiente e os recursos h\u00eddricos, utilizando-os racionalmente.$vSERGIPE. Superintend\u00eancia de Recursos H\u00eddricos. Gloss\u00e1rio de recursos h\u00eddricos "}],"skos:editorialNote":[{"@lang":"ab","@value":"341.347 "}],"skos:narrower":["https:\/\/adm.senado.leg.br\/vcb\/vocab\/skos\/29118","https:\/\/adm.senado.leg.br\/vcb\/vocab\/skos\/8209","https:\/\/adm.senado.leg.br\/vcb\/vocab\/skos\/9183"],"skos:broader":["https:\/\/adm.senado.leg.br\/vcb\/vocab\/skos\/11179"],"skos:altLabel":[{"language":"pt-BR","value":"Degrada\u00e7\u00e3o ambiental, preven\u00e7\u00e3o"},{"language":"pt-BR","value":"Meio ambiente, prote\u00e7\u00e3o"},{"language":"pt-BR","value":"Prote\u00e7\u00e3o ao meio ambiente"},{"language":"pt-BR","value":"Prote\u00e7\u00e3o do meio ambiente"},{"language":"pt-BR","value":"Recursos naturais, prote\u00e7\u00e3o"}],"skos:related":["https:\/\/adm.senado.leg.br\/vcb\/vocab\/skos\/1186","https:\/\/adm.senado.leg.br\/vcb\/vocab\/skos\/2204","https:\/\/adm.senado.leg.br\/vcb\/vocab\/skos\/3038","https:\/\/adm.senado.leg.br\/vcb\/vocab\/skos\/4264","https:\/\/adm.senado.leg.br\/vcb\/vocab\/skos\/1187","https:\/\/adm.senado.leg.br\/vcb\/vocab\/skos\/8208","https:\/\/adm.senado.leg.br\/vcb\/vocab\/skos\/8585","https:\/\/adm.senado.leg.br\/vcb\/vocab\/skos\/10498","https:\/\/adm.senado.leg.br\/vcb\/vocab\/skos\/9732","https:\/\/adm.senado.leg.br\/vcb\/vocab\/skos\/756","https:\/\/adm.senado.leg.br\/vcb\/vocab\/skos\/12629","https:\/\/adm.senado.leg.br\/vcb\/vocab\/skos\/10935","https:\/\/adm.senado.leg.br\/vcb\/vocab\/skos\/10936","https:\/\/adm.senado.leg.br\/vcb\/vocab\/skos\/4287","https:\/\/adm.senado.leg.br\/vcb\/vocab\/skos\/15664","https:\/\/adm.senado.leg.br\/vcb\/vocab\/skos\/1188","https:\/\/adm.senado.leg.br\/vcb\/vocab\/skos\/4289","https:\/\/adm.senado.leg.br\/vcb\/vocab\/skos\/375","https:\/\/adm.senado.leg.br\/vcb\/vocab\/skos\/29937","https:\/\/adm.senado.leg.br\/vcb\/vocab\/skos\/29017","https:\/\/adm.senado.leg.br\/vcb\/vocab\/skos\/6509","https:\/\/adm.senado.leg.br\/vcb\/vocab\/skos\/2207","https:\/\/adm.senado.leg.br\/vcb\/vocab\/skos\/5345","https:\/\/adm.senado.leg.br\/vcb\/vocab\/skos\/76","https:\/\/adm.senado.leg.br\/vcb\/vocab\/skos\/377","https:\/\/adm.senado.leg.br\/vcb\/vocab\/skos\/21573","https:\/\/adm.senado.leg.br\/vcb\/vocab\/skos\/28495","https:\/\/adm.senado.leg.br\/vcb\/vocab\/skos\/3044","https:\/\/adm.senado.leg.br\/vcb\/vocab\/skos\/24801"]}