{"@context":{"dc":"http:\/\/purl.org\/dc\/elements\/1.1\/","skos":"http:\/\/www.w3.org\/2004\/02\/skos\/core#","skos:broader":{"@type":"@id"},"skos:inScheme":{"@type":"@id"},"skos:related":{"@type":"@id"},"skos:narrower":{"@type":"@id"},"skos:hasTopConcept":{"@type":"@id"},"skos:topConceptOf":{"@type":"@id"}},"@id":"https:\/\/adm.senado.leg.br\/vcb\/vocab\/skos\/1192","@type":"skos:Concept","skos:prefLabel":{"@language":"pt-BR","@value=":"Administra\u00e7\u00e3o direta"},"skos:inScheme":"https:\/\/adm.senado.leg.br\/vcb\/vocab\/","dct:created":"2020-09-18 17:42:59","skos:definition":[{"@lang":"ab","@value":"A administra\u00e7\u00e3o p\u00fablica direta \u00e9 composta pelos \u00f3rg\u00e3os ligados diretamente aos entes que comp\u00f5e a Federa\u00e7\u00e3o brasileira, ou seja, a Uni\u00e3o, os Estados federados, o Distrito Federal e os Munic\u00edpios.$vBRASIL. Supremo Tribunal Federal. Gloss\u00e1rio. "}],"skos:editorialNote":[{"@lang":"ab","@value":"341.321 "}],"skos:narrower":["https:\/\/adm.senado.leg.br\/vcb\/vocab\/skos\/7540","https:\/\/adm.senado.leg.br\/vcb\/vocab\/skos\/20645","https:\/\/adm.senado.leg.br\/vcb\/vocab\/skos\/1203","https:\/\/adm.senado.leg.br\/vcb\/vocab\/skos\/1204"],"skos:broader":["https:\/\/adm.senado.leg.br\/vcb\/vocab\/skos\/1093","https:\/\/adm.senado.leg.br\/vcb\/vocab\/skos\/1201","https:\/\/adm.senado.leg.br\/vcb\/vocab\/skos\/1202"],"skos:altLabel":[{"language":"pt-BR","value":"\u00d3rg\u00e3o da administra\u00e7\u00e3o direta"}],"skos:related":["https:\/\/adm.senado.leg.br\/vcb\/vocab\/skos\/1194","https:\/\/adm.senado.leg.br\/vcb\/vocab\/skos\/1195","https:\/\/adm.senado.leg.br\/vcb\/vocab\/skos\/1196","https:\/\/adm.senado.leg.br\/vcb\/vocab\/skos\/1197","https:\/\/adm.senado.leg.br\/vcb\/vocab\/skos\/1198","https:\/\/adm.senado.leg.br\/vcb\/vocab\/skos\/1199","https:\/\/adm.senado.leg.br\/vcb\/vocab\/skos\/25762","https:\/\/adm.senado.leg.br\/vcb\/vocab\/skos\/1200"]}