{"@context":{"dc":"http:\/\/purl.org\/dc\/elements\/1.1\/","skos":"http:\/\/www.w3.org\/2004\/02\/skos\/core#","skos:broader":{"@type":"@id"},"skos:inScheme":{"@type":"@id"},"skos:related":{"@type":"@id"},"skos:narrower":{"@type":"@id"},"skos:hasTopConcept":{"@type":"@id"},"skos:topConceptOf":{"@type":"@id"}},"@id":"https:\/\/adm.senado.leg.br\/vcb\/vocab\/skos\/11963","@type":"skos:Concept","skos:prefLabel":{"@language":"pt-BR","@value=":"Fala do trono"},"skos:inScheme":"https:\/\/adm.senado.leg.br\/vcb\/vocab\/","dct:created":"2020-09-18 17:44:30","skos:definition":[{"@lang":"ab","@value":"\"[...] discurso do Imperador, ou seu representante, nas sess\u00f5es de abertura e encerramento do ano legislativo, reunidas C\u00e2mara e Senado em Assembl\u00e9ia Geral, segundo o disposto nos artigos 18 e 19 da Constitui\u00e7\u00e3o de 1824.\" (VAINFAS, 2002, p. 259) "}],"skos:editorialNote":[{"@lang":"ab","@value":"341.25117 "}],"skos:broader":["https:\/\/adm.senado.leg.br\/vcb\/vocab\/skos\/6786"],"skos:related":["https:\/\/adm.senado.leg.br\/vcb\/vocab\/skos\/8076","https:\/\/adm.senado.leg.br\/vcb\/vocab\/skos\/6793","https:\/\/adm.senado.leg.br\/vcb\/vocab\/skos\/14836","https:\/\/adm.senado.leg.br\/vcb\/vocab\/skos\/14837","https:\/\/adm.senado.leg.br\/vcb\/vocab\/skos\/11962"]}