{"@context":{"dc":"http:\/\/purl.org\/dc\/elements\/1.1\/","skos":"http:\/\/www.w3.org\/2004\/02\/skos\/core#","skos:broader":{"@type":"@id"},"skos:inScheme":{"@type":"@id"},"skos:related":{"@type":"@id"},"skos:narrower":{"@type":"@id"},"skos:hasTopConcept":{"@type":"@id"},"skos:topConceptOf":{"@type":"@id"}},"@id":"https:\/\/adm.senado.leg.br\/vcb\/vocab\/skos\/12042","@type":"skos:Concept","skos:prefLabel":{"@language":"pt-BR","@value=":"Distribui\u00e7\u00e3o (teoria econ\u00f4mica)"},"skos:inScheme":"https:\/\/adm.senado.leg.br\/vcb\/vocab\/","dct:created":"2020-09-18 17:44:31","skos:definition":[{"@lang":"ab","@value":"Em\u00a0economia,\u00a0distribui\u00e7\u00e3o\u00a0se refere ao modo como se realiza a reparti\u00e7\u00e3o da\u00a0riqueza\u00a0e dos\u00a0bens, socialmente\u00a0produzidos, entre os indiv\u00edduos e entre os diferentes segmentos de uma dada\u00a0sociedade. A\u00a0distribui\u00e7\u00e3o f\u00edsica\u00a0de bens se d\u00e1 nas rela\u00e7\u00f5es de\u00a0troca, isto \u00e9, na esfera da\u00a0comercializa\u00e7\u00e3o. A\u00a0distribui\u00e7\u00e3o funcional\u00a0consiste na reparti\u00e7\u00e3o do produto total da economia entre os v\u00e1rios\u00a0grupos\u00a0ou\u00a0classes sociais\u00a0e est\u00e1 relacionada com a propriedade dos\u00a0fatores de produ\u00e7\u00e3o ou com o modo de parti\u00e7\u00e3o de cada grupo (ou classe) no processo produtivo.$vWikipedia "}],"skos:narrower":["https:\/\/adm.senado.leg.br\/vcb\/vocab\/skos\/8167"],"skos:broader":["https:\/\/adm.senado.leg.br\/vcb\/vocab\/skos\/3915"],"skos:related":["https:\/\/adm.senado.leg.br\/vcb\/vocab\/skos\/2011","https:\/\/adm.senado.leg.br\/vcb\/vocab\/skos\/8706","https:\/\/adm.senado.leg.br\/vcb\/vocab\/skos\/301"]}