{"@context":{"dc":"http:\/\/purl.org\/dc\/elements\/1.1\/","skos":"http:\/\/www.w3.org\/2004\/02\/skos\/core#","skos:broader":{"@type":"@id"},"skos:inScheme":{"@type":"@id"},"skos:related":{"@type":"@id"},"skos:narrower":{"@type":"@id"},"skos:hasTopConcept":{"@type":"@id"},"skos:topConceptOf":{"@type":"@id"}},"@id":"https:\/\/adm.senado.leg.br\/vcb\/vocab\/skos\/12044","@type":"skos:Concept","skos:prefLabel":{"@language":"pt-BR","@value=":"Distribui\u00e7\u00e3o de energia el\u00e9trica"},"skos:inScheme":"https:\/\/adm.senado.leg.br\/vcb\/vocab\/","dct:created":"2020-09-18 17:44:31","skos:narrower":["https:\/\/adm.senado.leg.br\/vcb\/vocab\/skos\/10616"],"skos:broader":["https:\/\/adm.senado.leg.br\/vcb\/vocab\/skos\/85","https:\/\/adm.senado.leg.br\/vcb\/vocab\/skos\/4716"],"skos:altLabel":[{"language":"pt-BR","value":"Abastecimento de energia"},{"language":"pt-BR","value":"Abastecimento energ\u00e9tico"},{"language":"pt-BR","value":"Distribui\u00e7\u00e3o de eletricidade"},{"language":"pt-BR","value":"Fornecimento de energia"},{"language":"pt-BR","value":"Fornecimento energ\u00e9tico"}],"skos:related":["https:\/\/adm.senado.leg.br\/vcb\/vocab\/skos\/8979","https:\/\/adm.senado.leg.br\/vcb\/vocab\/skos\/12049","https:\/\/adm.senado.leg.br\/vcb\/vocab\/skos\/12050","https:\/\/adm.senado.leg.br\/vcb\/vocab\/skos\/8203","https:\/\/adm.senado.leg.br\/vcb\/vocab\/skos\/5775","https:\/\/adm.senado.leg.br\/vcb\/vocab\/skos\/12051","https:\/\/adm.senado.leg.br\/vcb\/vocab\/skos\/12052","https:\/\/adm.senado.leg.br\/vcb\/vocab\/skos\/8215"]}