{"@context":{"dc":"http:\/\/purl.org\/dc\/elements\/1.1\/","skos":"http:\/\/www.w3.org\/2004\/02\/skos\/core#","skos:broader":{"@type":"@id"},"skos:inScheme":{"@type":"@id"},"skos:related":{"@type":"@id"},"skos:narrower":{"@type":"@id"},"skos:hasTopConcept":{"@type":"@id"},"skos:topConceptOf":{"@type":"@id"}},"@id":"https:\/\/adm.senado.leg.br\/vcb\/vocab\/skos\/1205","@type":"skos:Concept","skos:prefLabel":{"@language":"pt-BR","@value=":"Administra\u00e7\u00e3o do trabalho"},"skos:inScheme":"https:\/\/adm.senado.leg.br\/vcb\/vocab\/","dct:created":"2020-09-18 17:43:00","skos:scopeNote":[{"@lang":"pt-BR","@value":"Compreende as atividades do Minist\u00e9rio do Trabalho, da inspe\u00e7\u00e3o trabalhista e da pol\u00edtica trabalhista. "}],"skos:editorialNote":[{"@lang":"ab","@value":"342.6 "}],"skos:narrower":["https:\/\/adm.senado.leg.br\/vcb\/vocab\/skos\/15190"],"skos:broader":["https:\/\/adm.senado.leg.br\/vcb\/vocab\/skos\/1080"],"skos:related":["https:\/\/adm.senado.leg.br\/vcb\/vocab\/skos\/10875","https:\/\/adm.senado.leg.br\/vcb\/vocab\/skos\/227","https:\/\/adm.senado.leg.br\/vcb\/vocab\/skos\/15860","https:\/\/adm.senado.leg.br\/vcb\/vocab\/skos\/14594","https:\/\/adm.senado.leg.br\/vcb\/vocab\/skos\/22216","https:\/\/adm.senado.leg.br\/vcb\/vocab\/skos\/10876","https:\/\/adm.senado.leg.br\/vcb\/vocab\/skos\/1206","https:\/\/adm.senado.leg.br\/vcb\/vocab\/skos\/2858","https:\/\/adm.senado.leg.br\/vcb\/vocab\/skos\/806"]}