{"@context":{"dc":"http:\/\/purl.org\/dc\/elements\/1.1\/","skos":"http:\/\/www.w3.org\/2004\/02\/skos\/core#","skos:broader":{"@type":"@id"},"skos:inScheme":{"@type":"@id"},"skos:related":{"@type":"@id"},"skos:narrower":{"@type":"@id"},"skos:hasTopConcept":{"@type":"@id"},"skos:topConceptOf":{"@type":"@id"}},"@id":"https:\/\/adm.senado.leg.br\/vcb\/vocab\/skos\/12124","@type":"skos:Concept","skos:prefLabel":{"@language":"pt-BR","@value=":"Divis\u00e3o judici\u00e1ria"},"skos:inScheme":"https:\/\/adm.senado.leg.br\/vcb\/vocab\/","dct:created":"2020-09-18 17:44:32","skos:definition":[{"@lang":"ab","@value":"A divis\u00e3o judici\u00e1ria compreende a cria\u00e7\u00e3o, a altera\u00e7\u00e3o e a extin\u00e7\u00e3o de unidades judici\u00e1rias, a sua classifica\u00e7\u00e3o e o seu agrupamento. "}],"skos:broader":["https:\/\/adm.senado.leg.br\/vcb\/vocab\/skos\/1122"],"skos:related":["https:\/\/adm.senado.leg.br\/vcb\/vocab\/skos\/1061"]}