{"@context":{"dc":"http:\/\/purl.org\/dc\/elements\/1.1\/","skos":"http:\/\/www.w3.org\/2004\/02\/skos\/core#","skos:broader":{"@type":"@id"},"skos:inScheme":{"@type":"@id"},"skos:related":{"@type":"@id"},"skos:narrower":{"@type":"@id"},"skos:hasTopConcept":{"@type":"@id"},"skos:topConceptOf":{"@type":"@id"}},"@id":"https:\/\/adm.senado.leg.br\/vcb\/vocab\/skos\/1220","@type":"skos:Concept","skos:prefLabel":{"@language":"pt-BR","@value=":"Reforma administrativa"},"skos:inScheme":"https:\/\/adm.senado.leg.br\/vcb\/vocab\/","dct:created":"2020-09-18 17:43:00","skos:definition":[{"@lang":"ab","@value":"Conjunto de mudan\u00e7as constitucionais que levam \u00e0 reestrutura\u00e7\u00e3o do Estado e \u00e0 redefini\u00e7\u00e3o de sua forma de atua\u00e7\u00e3o.$vDINIZ, Maria Helena. Dicion\u00e1rio Jur\u00eddico. 3\u00aa ed. S\u00e3o Paulo, Editora Saraiva, 2008 "}],"skos:editorialNote":[{"@lang":"ab","@value":"341.31 "}],"skos:altLabel":[{"language":"pt-BR","value":"Moderniza\u00e7\u00e3o administrativa"}],"skos:related":["https:\/\/adm.senado.leg.br\/vcb\/vocab\/skos\/1195","https:\/\/adm.senado.leg.br\/vcb\/vocab\/skos\/1281","https:\/\/adm.senado.leg.br\/vcb\/vocab\/skos\/4045","https:\/\/adm.senado.leg.br\/vcb\/vocab\/skos\/1221","https:\/\/adm.senado.leg.br\/vcb\/vocab\/skos\/21359"]}