{"@context":{"dc":"http:\/\/purl.org\/dc\/elements\/1.1\/","skos":"http:\/\/www.w3.org\/2004\/02\/skos\/core#","skos:broader":{"@type":"@id"},"skos:inScheme":{"@type":"@id"},"skos:related":{"@type":"@id"},"skos:narrower":{"@type":"@id"},"skos:hasTopConcept":{"@type":"@id"},"skos:topConceptOf":{"@type":"@id"}},"@id":"https:\/\/adm.senado.leg.br\/vcb\/vocab\/skos\/1233","@type":"skos:Concept","skos:prefLabel":{"@language":"pt-BR","@value=":"Hospital"},"skos:inScheme":"https:\/\/adm.senado.leg.br\/vcb\/vocab\/","dct:created":"2020-09-18 17:43:00","skos:definition":[{"@lang":"ab","@value":"Estabelecimentos de Sa\u00fade destinado a prestar assist\u00eancia m\u00e9dica e hospitalar a pacientes em regime de interna\u00e7\u00e3o.$vBRASIL. Minist\u00e9rio da Sa\u00fade. Gloss\u00e1rio do Minist\u00e9rio da Sa\u00fade. "}],"skos:narrower":["https:\/\/adm.senado.leg.br\/vcb\/vocab\/skos\/3689","https:\/\/adm.senado.leg.br\/vcb\/vocab\/skos\/16233","https:\/\/adm.senado.leg.br\/vcb\/vocab\/skos\/3711","https:\/\/adm.senado.leg.br\/vcb\/vocab\/skos\/16234","https:\/\/adm.senado.leg.br\/vcb\/vocab\/skos\/16235","https:\/\/adm.senado.leg.br\/vcb\/vocab\/skos\/16053"],"skos:broader":["https:\/\/adm.senado.leg.br\/vcb\/vocab\/skos\/16232","https:\/\/adm.senado.leg.br\/vcb\/vocab\/skos\/3642"],"skos:altLabel":[{"language":"pt-BR","value":"Casa de miseric\u00f3rdia"}],"skos:related":["https:\/\/adm.senado.leg.br\/vcb\/vocab\/skos\/1091","https:\/\/adm.senado.leg.br\/vcb\/vocab\/skos\/3669","https:\/\/adm.senado.leg.br\/vcb\/vocab\/skos\/2494","https:\/\/adm.senado.leg.br\/vcb\/vocab\/skos\/3640","https:\/\/adm.senado.leg.br\/vcb\/vocab\/skos\/13150","https:\/\/adm.senado.leg.br\/vcb\/vocab\/skos\/7137","https:\/\/adm.senado.leg.br\/vcb\/vocab\/skos\/8776","https:\/\/adm.senado.leg.br\/vcb\/vocab\/skos\/8778","https:\/\/adm.senado.leg.br\/vcb\/vocab\/skos\/16227","https:\/\/adm.senado.leg.br\/vcb\/vocab\/skos\/16228","https:\/\/adm.senado.leg.br\/vcb\/vocab\/skos\/2495","https:\/\/adm.senado.leg.br\/vcb\/vocab\/skos\/7138","https:\/\/adm.senado.leg.br\/vcb\/vocab\/skos\/16229","https:\/\/adm.senado.leg.br\/vcb\/vocab\/skos\/14901","https:\/\/adm.senado.leg.br\/vcb\/vocab\/skos\/16230","https:\/\/adm.senado.leg.br\/vcb\/vocab\/skos\/16231","https:\/\/adm.senado.leg.br\/vcb\/vocab\/skos\/28447","https:\/\/adm.senado.leg.br\/vcb\/vocab\/skos\/3855"]}