{"@context":{"dc":"http:\/\/purl.org\/dc\/elements\/1.1\/","skos":"http:\/\/www.w3.org\/2004\/02\/skos\/core#","skos:broader":{"@type":"@id"},"skos:inScheme":{"@type":"@id"},"skos:related":{"@type":"@id"},"skos:narrower":{"@type":"@id"},"skos:hasTopConcept":{"@type":"@id"},"skos:topConceptOf":{"@type":"@id"}},"@id":"https:\/\/adm.senado.leg.br\/vcb\/vocab\/skos\/1239","@type":"skos:Concept","skos:prefLabel":{"@language":"pt-BR","@value=":"Autarquia"},"skos:inScheme":"https:\/\/adm.senado.leg.br\/vcb\/vocab\/","dct:created":"2020-09-18 17:43:00","skos:definition":[{"@lang":"ab","@value":"Pessoa jur\u00eddica de direito p\u00fablico, criada pelo poder p\u00fablico para executar, de forma descentralizada, atividades t\u00edpicas da administra\u00e7\u00e3o p\u00fablica. O regime jur\u00eddico desse \u00f3rg\u00e3o especializado \u00e9 vinculado ao da Administra\u00e7\u00e3o Direta. No entanto, ela possui administra\u00e7\u00e3o, bens e receitas pr\u00f3prios, nos limites estabelecidos em lei.$vBRASIL. Supremo Tribunal Federal. Gloss\u00e1rio. "}],"skos:editorialNote":[{"@lang":"ab","@value":"341.3225 "}],"skos:broader":["https:\/\/adm.senado.leg.br\/vcb\/vocab\/skos\/1196","https:\/\/adm.senado.leg.br\/vcb\/vocab\/skos\/4336"],"skos:related":["https:\/\/adm.senado.leg.br\/vcb\/vocab\/skos\/1235","https:\/\/adm.senado.leg.br\/vcb\/vocab\/skos\/1236","https:\/\/adm.senado.leg.br\/vcb\/vocab\/skos\/2007","https:\/\/adm.senado.leg.br\/vcb\/vocab\/skos\/1241","https:\/\/adm.senado.leg.br\/vcb\/vocab\/skos\/1242","https:\/\/adm.senado.leg.br\/vcb\/vocab\/skos\/3746","https:\/\/adm.senado.leg.br\/vcb\/vocab\/skos\/2008"]}