{"@context":{"dc":"http:\/\/purl.org\/dc\/elements\/1.1\/","skos":"http:\/\/www.w3.org\/2004\/02\/skos\/core#","skos:broader":{"@type":"@id"},"skos:inScheme":{"@type":"@id"},"skos:related":{"@type":"@id"},"skos:narrower":{"@type":"@id"},"skos:hasTopConcept":{"@type":"@id"},"skos:topConceptOf":{"@type":"@id"}},"@id":"https:\/\/adm.senado.leg.br\/vcb\/vocab\/skos\/12424","@type":"skos:Concept","skos:prefLabel":{"@language":"pt-BR","@value=":"Preparo (seguran\u00e7a)"},"skos:inScheme":"https:\/\/adm.senado.leg.br\/vcb\/vocab\/","dct:created":"2020-09-18 17:44:35","skos:definition":[{"@lang":"ab","@value":"Consiste na realiza\u00e7\u00e3o de a\u00e7\u00f5es estrat\u00e9gicas que viabilizem a execu\u00e7\u00e3o da mobiliza\u00e7\u00e3o nacional, sendo desenvolvido desde a situa\u00e7\u00e3o de normalidade, de modo cont\u00ednuo, met\u00f3dico e permanente.$vBRASIL. Minist\u00e9rio da Defesa. Gloss\u00e1rio das For\u00e7as Armadas. "}],"skos:altLabel":[{"language":"pt-BR","value":"Preparo da mobiliza\u00e7\u00e3o nacional"}],"skos:related":["https:\/\/adm.senado.leg.br\/vcb\/vocab\/skos\/12423","https:\/\/adm.senado.leg.br\/vcb\/vocab\/skos\/42"]}