{"@context":{"dc":"http:\/\/purl.org\/dc\/elements\/1.1\/","skos":"http:\/\/www.w3.org\/2004\/02\/skos\/core#","skos:broader":{"@type":"@id"},"skos:inScheme":{"@type":"@id"},"skos:related":{"@type":"@id"},"skos:narrower":{"@type":"@id"},"skos:hasTopConcept":{"@type":"@id"},"skos:topConceptOf":{"@type":"@id"}},"@id":"https:\/\/adm.senado.leg.br\/vcb\/vocab\/skos\/12458","@type":"skos:Concept","skos:prefLabel":{"@language":"pt-BR","@value=":"Trabalho intermitente"},"skos:inScheme":"https:\/\/adm.senado.leg.br\/vcb\/vocab\/","dct:created":"2020-09-18 17:44:35","skos:definition":[{"@lang":"ab","@value":"\"Contrato de trabalho no qual a presta\u00e7\u00e3o de servi\u00e7os, com subordina\u00e7\u00e3o, n\u00e3o \u00e9 cont\u00ednua, ocorrendo com altern\u00e2ncia de per\u00edodos de presta\u00e7\u00e3o de servi\u00e7os e de inatividade, determinados em horas, dias ou meses, independentemente do tipo de atividade do empregado e do empregador, exceto para os aeronautas, regidos por legisla\u00e7\u00e3o pr\u00f3pria\". (PLC 38\/2017). "}],"skos:editorialNote":[{"@lang":"ab","@value":"342.65187 "}],"skos:broader":["https:\/\/adm.senado.leg.br\/vcb\/vocab\/skos\/7758"],"skos:altLabel":[{"language":"pt-BR","value":"Contrato de trabalho intermitente"},{"language":"pt-BR","value":"Jornada de trabalho intermitente"}],"skos:related":["https:\/\/adm.senado.leg.br\/vcb\/vocab\/skos\/1066","https:\/\/adm.senado.leg.br\/vcb\/vocab\/skos\/8308","https:\/\/adm.senado.leg.br\/vcb\/vocab\/skos\/1067","https:\/\/adm.senado.leg.br\/vcb\/vocab\/skos\/28873"]}