{"@context":{"dc":"http:\/\/purl.org\/dc\/elements\/1.1\/","skos":"http:\/\/www.w3.org\/2004\/02\/skos\/core#","skos:broader":{"@type":"@id"},"skos:inScheme":{"@type":"@id"},"skos:related":{"@type":"@id"},"skos:narrower":{"@type":"@id"},"skos:hasTopConcept":{"@type":"@id"},"skos:topConceptOf":{"@type":"@id"}},"@id":"https:\/\/adm.senado.leg.br\/vcb\/vocab\/skos\/12505","@type":"skos:Concept","skos:prefLabel":{"@language":"pt-BR","@value=":"Econometria"},"skos:inScheme":"https:\/\/adm.senado.leg.br\/vcb\/vocab\/","dct:created":"2020-09-18 17:44:36","skos:definition":[{"@lang":"ab","@value":"M\u00e9todo estat\u00edstico de an\u00e1lise de dados e problemas econ\u00f4micos. "}],"skos:broader":["https:\/\/adm.senado.leg.br\/vcb\/vocab\/skos\/6890"],"skos:altLabel":[{"language":"pt-BR","value":"Equa\u00e7\u00f5es econ\u00f4micas"},{"language":"pt-BR","value":"M\u00e9todo econom\u00e9trico"}],"skos:related":["https:\/\/adm.senado.leg.br\/vcb\/vocab\/skos\/12508","https:\/\/adm.senado.leg.br\/vcb\/vocab\/skos\/5330","https:\/\/adm.senado.leg.br\/vcb\/vocab\/skos\/12509","https:\/\/adm.senado.leg.br\/vcb\/vocab\/skos\/12510"]}