{"@context":{"dc":"http:\/\/purl.org\/dc\/elements\/1.1\/","skos":"http:\/\/www.w3.org\/2004\/02\/skos\/core#","skos:broader":{"@type":"@id"},"skos:inScheme":{"@type":"@id"},"skos:related":{"@type":"@id"},"skos:narrower":{"@type":"@id"},"skos:hasTopConcept":{"@type":"@id"},"skos:topConceptOf":{"@type":"@id"}},"@id":"https:\/\/adm.senado.leg.br\/vcb\/vocab\/skos\/1253","@type":"skos:Concept","skos:prefLabel":{"@language":"pt-BR","@value=":"Divis\u00e3o pol\u00edtico-administrativa"},"skos:inScheme":"https:\/\/adm.senado.leg.br\/vcb\/vocab\/","dct:created":"2020-09-18 17:43:00","skos:definition":[{"@lang":"ab","@value":"Regi\u00e3o geogr\u00e1fica que est\u00e1 sob a jurisdi\u00e7\u00e3o de um governo. \u00c9 um jarg\u00e3o de geografia. Em grande escala, uma divis\u00e3o pol\u00edtica \u00e9, tipicamente, um pa\u00eds. Em escalas menores, as divis\u00f5es pol\u00edticas (algumas vezes chamadas de divis\u00f5es administrativas) abrangem estados, boroughs, vilas, distritos, prov\u00edncias, comunidades aut\u00f4nomas, munic\u00edpios, entidades subnacionais, unidades administrativas, \u00e1reas administrativas, governos regionais etc.$vWikipedia "}],"skos:narrower":["https:\/\/adm.senado.leg.br\/vcb\/vocab\/skos\/12062","https:\/\/adm.senado.leg.br\/vcb\/vocab\/skos\/8644","https:\/\/adm.senado.leg.br\/vcb\/vocab\/skos\/14629","https:\/\/adm.senado.leg.br\/vcb\/vocab\/skos\/1264","https:\/\/adm.senado.leg.br\/vcb\/vocab\/skos\/12130","https:\/\/adm.senado.leg.br\/vcb\/vocab\/skos\/1294","https:\/\/adm.senado.leg.br\/vcb\/vocab\/skos\/25188"],"skos:broader":["https:\/\/adm.senado.leg.br\/vcb\/vocab\/skos\/6622"],"skos:altLabel":[{"language":"pt-BR","value":"Divis\u00e3o administrativa"},{"language":"pt-BR","value":"Divis\u00e3o pol\u00edtica"},{"language":"pt-BR","value":"Divis\u00e3o territorial"},{"language":"pt-BR","value":"Unidades administrativas"}],"skos:related":["https:\/\/adm.senado.leg.br\/vcb\/vocab\/skos\/1251","https:\/\/adm.senado.leg.br\/vcb\/vocab\/skos\/1093","https:\/\/adm.senado.leg.br\/vcb\/vocab\/skos\/4428","https:\/\/adm.senado.leg.br\/vcb\/vocab\/skos\/12129","https:\/\/adm.senado.leg.br\/vcb\/vocab\/skos\/2667","https:\/\/adm.senado.leg.br\/vcb\/vocab\/skos\/10632"]}