{"@context":{"dc":"http:\/\/purl.org\/dc\/elements\/1.1\/","skos":"http:\/\/www.w3.org\/2004\/02\/skos\/core#","skos:broader":{"@type":"@id"},"skos:inScheme":{"@type":"@id"},"skos:related":{"@type":"@id"},"skos:narrower":{"@type":"@id"},"skos:hasTopConcept":{"@type":"@id"},"skos:topConceptOf":{"@type":"@id"}},"@id":"https:\/\/adm.senado.leg.br\/vcb\/vocab\/skos\/12588","@type":"skos:Concept","skos:prefLabel":{"@language":"pt-BR","@value=":"Ecumenismo"},"skos:inScheme":"https:\/\/adm.senado.leg.br\/vcb\/vocab\/","dct:created":"2020-09-18 17:44:39","skos:definition":[{"@lang":"pt-BR","@value":"Movimento crist\u00e3o para a unidade entre as diferentes denomina\u00e7\u00f5es e igrejas, buscando o di\u00e1logo, a coopera\u00e7\u00e3o e a supera\u00e7\u00e3o de diverg\u00eancias hist\u00f3ricas.\u00a0Ele se manifesta atrav\u00e9s de iniciativas como a ora\u00e7\u00e3o e a a\u00e7\u00e3o conjunta para a caridade e o bem comum. "}],"skos:broader":["https:\/\/adm.senado.leg.br\/vcb\/vocab\/skos\/12485","https:\/\/adm.senado.leg.br\/vcb\/vocab\/skos\/15128"],"skos:altLabel":[{"language":"pt-BR","value":"Movimento ecum\u00eanico"}],"skos:related":["https:\/\/adm.senado.leg.br\/vcb\/vocab\/skos\/2710"]}